{"id":127,"date":"2018-01-25T10:09:25","date_gmt":"2018-01-25T10:09:25","guid":{"rendered":"http:\/\/os-land.gewweserems.de\/?p=127"},"modified":"2021-03-11T10:37:50","modified_gmt":"2021-03-11T10:37:50","slug":"schulung-fuer-personalraete-an-foerderschulen-am-07-02-218-in-osnabrueck","status":"publish","type":"post","link":"https:\/\/os-land.gewweserems.de\/?p=127","title":{"rendered":"Schulung f\u00fcr Personalr\u00e4te an F\u00f6rderschulen am 07.02.218 in Osnabr\u00fcck"},"content":{"rendered":"<p><strong>Einladung zur Schulung der Personalr\u00e4te an F\u00f6rderschulen <\/strong><\/p>\n<p>Liebe Kolleginnen und Kollegen,<\/p>\n<p>hiermit m\u00f6chten wir Sie\/Euch recht herzlich zur Schulung der Personalr\u00e4te an F\u00f6rderschulen einladen.<\/p>\n<p><strong>Referentinnen:\u00a0 Astrid M\u00fcller, Karen Eberhard (Mitglieder im Schulbezirkspersonalrat)<\/strong><\/p>\n<p><strong>Themen sind u.a.:<\/strong><\/p>\n<ul>\n<li><strong>Dienstvereinbarung f\u00fcr den Einsatz des sonderp\u00e4dagogischen Personals an allgemeinen Schulen<\/strong><\/li>\n<li><strong>RZI \u2013 aktueller Stand<\/strong><\/li>\n<li><strong>Abordnungen \u2013 neue Entwicklungen<\/strong><\/li>\n<li><strong>Umgang mit medizinischen Ma\u00dfnahmen \u2013 aktuelle Entwicklung<\/strong><\/li>\n<li><strong>Austausch von Problemen in der eigenen Schule<\/strong><\/li>\n<\/ul>\n<p>&nbsp;<\/p>\n<p>Es stehen <strong>vier Standorte<\/strong> zur Verf\u00fcgung. Ihr k\u00f6nnt euch unabh\u00e4ngig vom Schulort und Kreisverband an einem der vier Standorte anmelden.<\/p>\n<p>Folgende Termine und Orte stehen zur Auswahl:<\/p>\n<p><strong>25.01.2018<\/strong>: Europahaus Aurich, Von Jehring-Str. 33, 26603 <strong>Aurich<\/strong><\/p>\n<p><strong>07.02.2018<\/strong>: Haus der Jugend (Teestube), Gro\u00dfe Gildewart 6-9, 49074<strong> Osnabr\u00fcck<\/strong><\/p>\n<p><strong>08.02.2018<\/strong>: Gastst\u00e4tte Klaas, Freerener Str. 37, 49809 <strong>Lingen<\/strong><\/p>\n<p><strong>22.02.2018<\/strong>: Vereinsheim Schwarz-Wei\u00df Oldenburg (Clubraum), Auguststr. 78,\u00a0\u00a0\u00a0\u00a0\u00a0\u00a0\u00a0\u00a0\u00a0\u00a0\u00a0\u00a0\u00a0\u00a0\u00a0\u00a0 26121 <strong>Oldenburg<\/strong><\/p>\n<p><strong>\u00a0<\/strong><\/p>\n<p><strong>Die Schulungen finden jeweils von 16.00 \u2013 18.00 Uhr statt.<\/strong><\/p>\n<p><strong>\u00a0<\/strong><\/p>\n<p>F\u00fcr GEW-Mitglieder ist die Veranstaltung kostenlos. GEW-Mitglieder k\u00f6nnen Kinderbetreuungskosten erstattet bekommen. Nichtmitglieder zahlen einen Unkostenbeitrag von\u00a0 5,- \u20ac. Falls n\u00f6tig, bitte einen Sonderurlaubsantrag nach \u00a740 NPersVG stellen. Diese Veranstaltung wird durch die NLschB RA Osnabr\u00fcck genehmigt.<\/p>\n<p>&nbsp;<\/p>\n<p>Mit freundlichen Gr\u00fc\u00dfen<\/p>\n<p>&nbsp;<\/p>\n<p>Astrid M\u00fcller (Vorsitzende FG Sonderp\u00e4dagogik, Bezirk Weser-Ems)<\/p>\n<p>(Anmeldung unter: <a href=\"mailto:Karen.Eberhard@gewweserems.de\">Karen.Eberhard@gewweserems.de<\/a>)<\/p>\n","protected":false},"excerpt":{"rendered":"<div class=\"mh-excerpt\"><p>Einladung zur Schulung der Personalr\u00e4te an F\u00f6rderschulen Liebe Kolleginnen und Kollegen, hiermit m\u00f6chten wir Sie\/Euch recht herzlich zur Schulung der Personalr\u00e4te an F\u00f6rderschulen einladen. Referentinnen:\u00a0 Astrid M\u00fcller, Karen Eberhard (Mitglieder im Schulbezirkspersonalrat) Themen sind u.a.: <a class=\"mh-excerpt-more\" href=\"https:\/\/os-land.gewweserems.de\/?p=127\" title=\"Schulung f\u00fcr Personalr\u00e4te an F\u00f6rderschulen am 07.02.218 in Osnabr\u00fcck\">[&#8230;]<\/a><\/p>\n<\/div>","protected":false},"author":2,"featured_media":0,"comment_status":"open","ping_status":"open","sticky":false,"template":"","format":"standard","meta":{"footnotes":""},"categories":[3,4],"tags":[],"class_list":["post-127","post","type-post","status-publish","format-standard","hentry","category-aktuelles","category-veranstaltungen"],"_links":{"self":[{"href":"https:\/\/os-land.gewweserems.de\/index.php?rest_route=\/wp\/v2\/posts\/127","targetHints":{"allow":["GET"]}}],"collection":[{"href":"https:\/\/os-land.gewweserems.de\/index.php?rest_route=\/wp\/v2\/posts"}],"about":[{"href":"https:\/\/os-land.gewweserems.de\/index.php?rest_route=\/wp\/v2\/types\/post"}],"author":[{"embeddable":true,"href":"https:\/\/os-land.gewweserems.de\/index.php?rest_route=\/wp\/v2\/users\/2"}],"replies":[{"embeddable":true,"href":"https:\/\/os-land.gewweserems.de\/index.php?rest_route=%2Fwp%2Fv2%2Fcomments&post=127"}],"version-history":[{"count":1,"href":"https:\/\/os-land.gewweserems.de\/index.php?rest_route=\/wp\/v2\/posts\/127\/revisions"}],"predecessor-version":[{"id":128,"href":"https:\/\/os-land.gewweserems.de\/index.php?rest_route=\/wp\/v2\/posts\/127\/revisions\/128"}],"wp:attachment":[{"href":"https:\/\/os-land.gewweserems.de\/index.php?rest_route=%2Fwp%2Fv2%2Fmedia&parent=127"}],"wp:term":[{"taxonomy":"category","embeddable":true,"href":"https:\/\/os-land.gewweserems.de\/index.php?rest_route=%2Fwp%2Fv2%2Fcategories&post=127"},{"taxonomy":"post_tag","embeddable":true,"href":"https:\/\/os-land.gewweserems.de\/index.php?rest_route=%2Fwp%2Fv2%2Ftags&post=127"}],"curies":[{"name":"wp","href":"https:\/\/api.w.org\/{rel}","templated":true}]}}