{"id":133,"date":"2018-01-25T16:32:16","date_gmt":"2018-01-25T16:32:16","guid":{"rendered":"http:\/\/os-land.gewweserems.de\/?p=133"},"modified":"2018-01-25T16:32:16","modified_gmt":"2018-01-25T16:32:16","slug":"kreisvorstand-bestaetigt","status":"publish","type":"post","link":"https:\/\/os-land.gewweserems.de\/?p=133","title":{"rendered":"Kreisvorstand best\u00e4tigt"},"content":{"rendered":"<p>Auf der Jahreshauptversammlung am 14. November 2018 wurde der Vorstand des Kreisverbandes Osnabr\u00fcck-Land best\u00e4tigt. Birgit Ostendorf \u00fcbernimmt weiterhin das Amt der Vorsitzenden. Einen Wechsel gab es im Bereich Finanzen. Andrea Beyer ist die neue Schatzmeisterin und wird vom stellvertretendem Schatzmeister Gerd K\u00f6ster unters\u00fctzt. Gerd K\u00f6ster hat vom Amt des ersten Schatzmeisters in den Posten des Stellvertreters gewechselt, so bleibt uns sein &#8222;Know-how&#8220; noch etwas l\u00e4nger erhalten.\u00a0 Auch Jochen K\u00fclker ist weiterhin dabei und ist als Gesch\u00e4ftsf\u00fchrer u.a. zust\u00e4ndig f\u00fcr den Mail- und Postversand.<\/p>\n<p>Hannelore Gl\u00fcder-Duske, Hildburg Jacobi, Grete Janssen, Silke Schrempel, Karin H\u00fcls-Spiekermann, Siggi van Kampen,\u00a0 Henning Babucke, Thomas Schulz und Gerhard Saathoff komplettieren das Vorstandsteam. Anja K\u00fckler, Maria Jelinek und Inga Vo\u00df sind als kooptierte Mitglieder mit dabei.<\/p>\n<p>Wer Lust hat, uns in unserer Vorstandsarbeit zu unterst\u00fctzen oder einfach mal reinzuschnuppern, kann sich jederzeit bei mir melden.<\/p>\n<p>Birgit Ostendorf (Kreisvorsitzende)<\/p>\n<p>Mail: birgit.ostendorf@osnanet.de<\/p>\n<p>Tel.: 0541\/ 58051359<\/p>\n<p>&nbsp;<\/p>\n","protected":false},"excerpt":{"rendered":"<div class=\"mh-excerpt\"><p>Auf der Jahreshauptversammlung am 14. November 2018 wurde der Vorstand des Kreisverbandes Osnabr\u00fcck-Land best\u00e4tigt. Birgit Ostendorf \u00fcbernimmt weiterhin das Amt der Vorsitzenden. Einen Wechsel gab es im Bereich Finanzen. Andrea Beyer ist die neue Schatzmeisterin <a class=\"mh-excerpt-more\" href=\"https:\/\/os-land.gewweserems.de\/?p=133\" title=\"Kreisvorstand best\u00e4tigt\">[&#8230;]<\/a><\/p>\n<\/div>","protected":false},"author":2,"featured_media":0,"comment_status":"open","ping_status":"open","sticky":false,"template":"","format":"standard","meta":{"footnotes":""},"categories":[1],"tags":[],"class_list":["post-133","post","type-post","status-publish","format-standard","hentry","category-uncategorized"],"_links":{"self":[{"href":"https:\/\/os-land.gewweserems.de\/index.php?rest_route=\/wp\/v2\/posts\/133","targetHints":{"allow":["GET"]}}],"collection":[{"href":"https:\/\/os-land.gewweserems.de\/index.php?rest_route=\/wp\/v2\/posts"}],"about":[{"href":"https:\/\/os-land.gewweserems.de\/index.php?rest_route=\/wp\/v2\/types\/post"}],"author":[{"embeddable":true,"href":"https:\/\/os-land.gewweserems.de\/index.php?rest_route=\/wp\/v2\/users\/2"}],"replies":[{"embeddable":true,"href":"https:\/\/os-land.gewweserems.de\/index.php?rest_route=%2Fwp%2Fv2%2Fcomments&post=133"}],"version-history":[{"count":1,"href":"https:\/\/os-land.gewweserems.de\/index.php?rest_route=\/wp\/v2\/posts\/133\/revisions"}],"predecessor-version":[{"id":134,"href":"https:\/\/os-land.gewweserems.de\/index.php?rest_route=\/wp\/v2\/posts\/133\/revisions\/134"}],"wp:attachment":[{"href":"https:\/\/os-land.gewweserems.de\/index.php?rest_route=%2Fwp%2Fv2%2Fmedia&parent=133"}],"wp:term":[{"taxonomy":"category","embeddable":true,"href":"https:\/\/os-land.gewweserems.de\/index.php?rest_route=%2Fwp%2Fv2%2Fcategories&post=133"},{"taxonomy":"post_tag","embeddable":true,"href":"https:\/\/os-land.gewweserems.de\/index.php?rest_route=%2Fwp%2Fv2%2Ftags&post=133"}],"curies":[{"name":"wp","href":"https:\/\/api.w.org\/{rel}","templated":true}]}}