{"id":138,"date":"2018-02-19T16:57:07","date_gmt":"2018-02-19T16:57:07","guid":{"rendered":"http:\/\/os-land.gewweserems.de\/?p=138"},"modified":"2021-03-11T10:37:50","modified_gmt":"2021-03-11T10:37:50","slug":"einladung-zu-einer-gemeinsamen-kabarettveranstaltung","status":"publish","type":"post","link":"https:\/\/os-land.gewweserems.de\/?p=138","title":{"rendered":"Einladung zu einer gemeinsamen Kabarettveranstaltung"},"content":{"rendered":"<p>Die Kreisverb\u00e4nde Osnabr\u00fcck-Stadt, Osnabr\u00fcck-Land und Wittlage laden ein zu<\/p>\n<p>&#8222;Volksherrschaftszeiten&#8220;<\/p>\n<p>Am 15.03.2018 um 19:30 Uhr- Eintritt frei!<br \/>\nIm Haus der Jugend im kleinen Saal, Gro\u00dfe Gildewart 6 &#8211; 9, Osnabr\u00fcck<\/p>\n<p>&nbsp;<\/p>\n<p>\u201eAufrechte Lieder \u2013 schr\u00e4ge Gedanken\u201c lautet der Untertitel eines musikalisch-kabarettistischen<br \/>\nProgramms mit Michael Tumbrinck und Manni Kehr. \u201eWir glauben, dass man angesichts der<br \/>\naktuellen Terrorismushysterie gerade in Wahljahren auf unsere Demokratie aufpassen muss. Sie<br \/>\ndroht, sturmreif geschossen zu werden. Dabei hat sogar Winston Churchill seinerzeit festgestellt\u201a<br \/>\nDemokratie ist die schlechteste aller Regierungsformen &#8211; ausgenommen alle anderen\u2019\u201c, erkl\u00e4rt<br \/>\nTumbrinck. Kehr erg\u00e4nzt: \u201e2018 feiern wir 100 Jahre monarchiefreies Deutschland. Leider ist das<br \/>\nnicht gleichbedeutend mit 100 Jahre Freiheit!\u201c<br \/>\nIn der Tat, so betonen die beiden K\u00fcnstler, sei die Entwicklung zum demokratischen Rechtsstaat<br \/>\nsehr holprig gewesen. \u201eWir wollen einen Beitrag zum demokratischen Dialog in unserem Land leisten<br \/>\nund werden auf das Publikum Hunderte aufrechter Lieder aus der deutschen Geschichte<br \/>\nniederprasseln lassen,\u201c so Kehr augenzwinkernd, \u201equer durch die Jahrhunderte, l\u00e4ngs durch die<br \/>\nEpochen voller Zorn, Spott und Freiheitsk\u00e4mpfen\u201c. Jede Phase der deutschen Geschichte habe<br \/>\n\u201eihre\u201c Lieder.<br \/>\nMichael Tumbrinck wundert sich \u00fcber das d\u00fcnne Eis der Selbstverst\u00e4ndlichkeiten, unter dem das<br \/>\nkalte Wasser des Autorit\u00e4ren schwappt. Woher kommt die Lust der Menschen, mit der Demokratie<br \/>\nbaden zu gehen? Tumbrinck sucht verzweifelt sein Seepferdchen\u2026<br \/>\nBesuchen Sie die beiden Demokratieverehrer \u2013 oder lassen Sie es: Sie haben die Wahl!<\/p>\n","protected":false},"excerpt":{"rendered":"<div class=\"mh-excerpt\"><p>Die Kreisverb\u00e4nde Osnabr\u00fcck-Stadt, Osnabr\u00fcck-Land und Wittlage laden ein zu &#8222;Volksherrschaftszeiten&#8220; Am 15.03.2018 um 19:30 Uhr- Eintritt frei! Im Haus der Jugend im kleinen Saal, Gro\u00dfe Gildewart 6 &#8211; 9, Osnabr\u00fcck &nbsp; \u201eAufrechte Lieder \u2013 schr\u00e4ge <a class=\"mh-excerpt-more\" href=\"https:\/\/os-land.gewweserems.de\/?p=138\" title=\"Einladung zu einer gemeinsamen Kabarettveranstaltung\">[&#8230;]<\/a><\/p>\n<\/div>","protected":false},"author":2,"featured_media":0,"comment_status":"open","ping_status":"open","sticky":false,"template":"","format":"standard","meta":{"footnotes":""},"categories":[3,4],"tags":[],"class_list":["post-138","post","type-post","status-publish","format-standard","hentry","category-aktuelles","category-veranstaltungen"],"_links":{"self":[{"href":"https:\/\/os-land.gewweserems.de\/index.php?rest_route=\/wp\/v2\/posts\/138","targetHints":{"allow":["GET"]}}],"collection":[{"href":"https:\/\/os-land.gewweserems.de\/index.php?rest_route=\/wp\/v2\/posts"}],"about":[{"href":"https:\/\/os-land.gewweserems.de\/index.php?rest_route=\/wp\/v2\/types\/post"}],"author":[{"embeddable":true,"href":"https:\/\/os-land.gewweserems.de\/index.php?rest_route=\/wp\/v2\/users\/2"}],"replies":[{"embeddable":true,"href":"https:\/\/os-land.gewweserems.de\/index.php?rest_route=%2Fwp%2Fv2%2Fcomments&post=138"}],"version-history":[{"count":1,"href":"https:\/\/os-land.gewweserems.de\/index.php?rest_route=\/wp\/v2\/posts\/138\/revisions"}],"predecessor-version":[{"id":139,"href":"https:\/\/os-land.gewweserems.de\/index.php?rest_route=\/wp\/v2\/posts\/138\/revisions\/139"}],"wp:attachment":[{"href":"https:\/\/os-land.gewweserems.de\/index.php?rest_route=%2Fwp%2Fv2%2Fmedia&parent=138"}],"wp:term":[{"taxonomy":"category","embeddable":true,"href":"https:\/\/os-land.gewweserems.de\/index.php?rest_route=%2Fwp%2Fv2%2Fcategories&post=138"},{"taxonomy":"post_tag","embeddable":true,"href":"https:\/\/os-land.gewweserems.de\/index.php?rest_route=%2Fwp%2Fv2%2Ftags&post=138"}],"curies":[{"name":"wp","href":"https:\/\/api.w.org\/{rel}","templated":true}]}}