{"id":149,"date":"2018-06-21T16:04:05","date_gmt":"2018-06-21T16:04:05","guid":{"rendered":"http:\/\/os-land.gewweserems.de\/?p=149"},"modified":"2018-06-21T16:06:09","modified_gmt":"2018-06-21T16:06:09","slug":"kultusminister-tonne-zu-besuch-in-osnabrueck","status":"publish","type":"post","link":"https:\/\/os-land.gewweserems.de\/?p=149","title":{"rendered":"Kultusminister Tonne zu Besuch in Osnabr\u00fcck"},"content":{"rendered":"<p>Kultusminister Tonne folgt der Einladung des Kreis- und Stadtelternrates nach Osnabr\u00fcck<\/p>\n<p>Aussagen bleiben unkonkret<\/p>\n<p>In seiner charmanten Art schafft Kultusminister Grant Henrik Tonne es immer wieder, die Zuh\u00f6rerinnen und Zuh\u00f6rer f\u00fcr sich zu gewinnen, auch wenn nach seinem Redebeitrag kritische Fragen gestellt wurden.\u00a0 Der Minister zeigt Verst\u00e4ndnis f\u00fcr die Sorgen und N\u00f6te der Eltern und der Besch\u00e4ftigten in Schule. Ob es um die Verteilung der Inklusionsstunden, die Nichtbesetzung von Stellen, egal ob Lehrkraft oder P\u00e4dagogische Mitarbeiter\/innen, egal um welches Thema es geht, der Minister kennt sich aus. Nicht immer die einzelne Schule, aber\u00a0 das Gro\u00dfe und Ganze, darum geht es. Auch best\u00e4rkt er die Eltern und die Besch\u00e4ftigten in Schule, ihm doch das Problem noch einmal schriftlich mitzuteilen. Der Mann k\u00fcmmert sich. Jede Schule ist wichtig. Doch wenn es um konkrete L\u00f6sungen geht, dann bleibt der Minister vage. Konkrete Ma\u00dfnahmen kann er nicht nennen. Er spricht von Ma\u00dfnahmenb\u00fcndel, er spricht von Ressourcen, die geb\u00fcndelt werden sollen. Doch welche Ressourcen sollen das sein? Zum 1. Februar sind 300 Lehrkr\u00e4fte mehr eingestellt worden, als in Pension gegangen sind. Das stellt der Minister als Erfolg dar. Aber dass durch die steigende Zahl der Ganztagsschulen und die Weiterf\u00fchrung etlicher F\u00f6rderschulen-Lernen, zus\u00e4tzliche Stunden im System Schule ben\u00f6tigt werden, das wird nicht erw\u00e4hnt.<!--more--><\/p>\n<p>Die Entfristung der 150 Stellen f\u00fcr P\u00e4dagogische Mitarbeiterinne und Mitarbeiter in unterrichtsbegleitender Funktion ist f\u00fcr den Minister ebenfalls ein Schritt in die richtige Richtung. Das mag auch so sein, nur als Schritt kann man dies gerade nicht bezeichnen. 620 Stellen sollten besetzt werden, 150 sind es geworden. B\u00f6se Zungen k\u00f6nnten behaupten, dies sei gewollt. Denn die Stellen waren befristet ausgeschrieben, in der Praxis fand die Besetzung gr\u00f6\u00dftenteils zum 01.02.2018 statt. Eine Arbeitsplatzbeschreibung gab es nicht. Abgeordnet zu werden war Grundvoraussetzung f\u00fcr die \u00dcbernahme einer Stelle, von der Bezahlung ganz zu schweigen.<\/p>\n<p>Auch so zu tun, als wisse der Minister nicht, wie hoch die Abordnungsstunden f\u00fcr das neue Schuljahr sein werden, ist mehr als seltsam. Kursieren doch in der Landesschulbeh\u00f6rde schon sehr konkrete Zahlen. Sicherlich, die Einstellungsrunde ist noch nicht beendet, doch dank eis-online (Einstellung in den Schuldienst) wei\u00df das MK ganz genau, wie viele Bewerberinnen und Bewerber noch auf dem Markt sind und wo diese eine Stelle annehmen w\u00fcrden.<\/p>\n<p>Auch der Hinweis aus dem Publikum, die Verteilung der Stunden f\u00fcr die Grundversorgung\u00a0 nicht weiterhin einfach nach dem Gie\u00dfkannenprinzip zu gestalten, sondern, wie fr\u00fcher praktiziert entsprechend der Bedarf der Schulen, stie\u00df bei Herrn Tonne auf offene Ohren. Komisch nur, dass die Praxis von oben gestoppt wurde. Absprachen der Grundschulen \u00fcber die Verteilung der Stunden f\u00fcr die Grundversorgung darf es nicht mehr geben.<\/p>\n<p>Leider war die Veranstaltung um 20:00 Uhr, nach 1 \u00bd\u00a0 Stunden schon zu Ende, angek\u00fcndigt war bis 21:30 Uhr, sonst h\u00e4tte der Minister sicherlich noch mehr kritische Fragen beantworten m\u00fcssen.<\/p>\n<p>&nbsp;<\/p>\n","protected":false},"excerpt":{"rendered":"<div class=\"mh-excerpt\"><p>Kultusminister Tonne folgt der Einladung des Kreis- und Stadtelternrates nach Osnabr\u00fcck Aussagen bleiben unkonkret In seiner charmanten Art schafft Kultusminister Grant Henrik Tonne es immer wieder, die Zuh\u00f6rerinnen und Zuh\u00f6rer f\u00fcr sich zu gewinnen, auch <a class=\"mh-excerpt-more\" href=\"https:\/\/os-land.gewweserems.de\/?p=149\" title=\"Kultusminister Tonne zu Besuch in Osnabr\u00fcck\">[&#8230;]<\/a><\/p>\n<\/div>","protected":false},"author":2,"featured_media":0,"comment_status":"open","ping_status":"open","sticky":false,"template":"","format":"standard","meta":{"footnotes":""},"categories":[1],"tags":[],"class_list":["post-149","post","type-post","status-publish","format-standard","hentry","category-uncategorized"],"_links":{"self":[{"href":"https:\/\/os-land.gewweserems.de\/index.php?rest_route=\/wp\/v2\/posts\/149","targetHints":{"allow":["GET"]}}],"collection":[{"href":"https:\/\/os-land.gewweserems.de\/index.php?rest_route=\/wp\/v2\/posts"}],"about":[{"href":"https:\/\/os-land.gewweserems.de\/index.php?rest_route=\/wp\/v2\/types\/post"}],"author":[{"embeddable":true,"href":"https:\/\/os-land.gewweserems.de\/index.php?rest_route=\/wp\/v2\/users\/2"}],"replies":[{"embeddable":true,"href":"https:\/\/os-land.gewweserems.de\/index.php?rest_route=%2Fwp%2Fv2%2Fcomments&post=149"}],"version-history":[{"count":3,"href":"https:\/\/os-land.gewweserems.de\/index.php?rest_route=\/wp\/v2\/posts\/149\/revisions"}],"predecessor-version":[{"id":152,"href":"https:\/\/os-land.gewweserems.de\/index.php?rest_route=\/wp\/v2\/posts\/149\/revisions\/152"}],"wp:attachment":[{"href":"https:\/\/os-land.gewweserems.de\/index.php?rest_route=%2Fwp%2Fv2%2Fmedia&parent=149"}],"wp:term":[{"taxonomy":"category","embeddable":true,"href":"https:\/\/os-land.gewweserems.de\/index.php?rest_route=%2Fwp%2Fv2%2Fcategories&post=149"},{"taxonomy":"post_tag","embeddable":true,"href":"https:\/\/os-land.gewweserems.de\/index.php?rest_route=%2Fwp%2Fv2%2Ftags&post=149"}],"curies":[{"name":"wp","href":"https:\/\/api.w.org\/{rel}","templated":true}]}}