{"id":171,"date":"2018-12-18T14:00:25","date_gmt":"2018-12-18T14:00:25","guid":{"rendered":"http:\/\/os-land.gewweserems.de\/?p=171"},"modified":"2018-12-18T14:00:25","modified_gmt":"2018-12-18T14:00:25","slug":"handeln-gegen-rechtsextremismus-an-schulen","status":"publish","type":"post","link":"https:\/\/os-land.gewweserems.de\/?p=171","title":{"rendered":"Handeln gegen Rechtsextremismus an Schulen"},"content":{"rendered":"<p>Die Kreisverb\u00e4nde Osnabr\u00fcck-Stadt, Osnabr\u00fcck-Nord und Osnabr\u00fcck-Land der GEW laden<\/p>\n<p>euch ganz herzlich zu der folgenden Veranstaltung ein:<\/p>\n<p><strong>\u00a0<\/strong><\/p>\n<p><strong>Handeln gegen Rechtsradikalismus an Schulen<\/strong><\/p>\n<p><strong>\u00a0<\/strong><\/p>\n<p><strong>Referent:<\/strong> <strong>Michael Hammerbacher,\u00a0 Verein f\u00fcr Demokratie und Vielfalt in Schule und beruflicher Bildung<\/strong><\/p>\n<p><strong>\u00a0<\/strong><\/p>\n<p>Die Veranstaltung findet<\/p>\n<p><strong>am:\u00a0\u00a0 24.01.2019<\/strong><\/p>\n<p>von:\u00a0 17.00 Uhr bis 19.00 Uhr<\/p>\n<p><strong>in der Anne-Frank-Schule, Knollstr. 149 in Osnabr\u00fcck statt.<\/strong><\/p>\n<p><strong>\u00a0<\/strong>Die Veranstaltung ist kostenlos.<\/p>\n<p>Wir bitten um Anmeldung bis zum 22.01.2019 bei Astrid M\u00fcller unter a.m.gew-os@web.de<\/p>\n<p>mit dem Stichwort \u201eRechtsradikalismus in Schulen\u201c oder Tel. 05407\/39185<\/p>\n<p>&nbsp;<\/p>\n<p>&nbsp;<\/p>\n<p>&nbsp;<\/p>\n","protected":false},"excerpt":{"rendered":"<div class=\"mh-excerpt\"><p>Die Kreisverb\u00e4nde Osnabr\u00fcck-Stadt, Osnabr\u00fcck-Nord und Osnabr\u00fcck-Land der GEW laden euch ganz herzlich zu der folgenden Veranstaltung ein: \u00a0 Handeln gegen Rechtsradikalismus an Schulen \u00a0 Referent: Michael Hammerbacher,\u00a0 Verein f\u00fcr Demokratie und Vielfalt in Schule und <a class=\"mh-excerpt-more\" href=\"https:\/\/os-land.gewweserems.de\/?p=171\" title=\"Handeln gegen Rechtsextremismus an Schulen\">[&#8230;]<\/a><\/p>\n<\/div>","protected":false},"author":2,"featured_media":0,"comment_status":"open","ping_status":"open","sticky":false,"template":"","format":"standard","meta":{"footnotes":""},"categories":[1],"tags":[],"class_list":["post-171","post","type-post","status-publish","format-standard","hentry","category-uncategorized"],"_links":{"self":[{"href":"https:\/\/os-land.gewweserems.de\/index.php?rest_route=\/wp\/v2\/posts\/171","targetHints":{"allow":["GET"]}}],"collection":[{"href":"https:\/\/os-land.gewweserems.de\/index.php?rest_route=\/wp\/v2\/posts"}],"about":[{"href":"https:\/\/os-land.gewweserems.de\/index.php?rest_route=\/wp\/v2\/types\/post"}],"author":[{"embeddable":true,"href":"https:\/\/os-land.gewweserems.de\/index.php?rest_route=\/wp\/v2\/users\/2"}],"replies":[{"embeddable":true,"href":"https:\/\/os-land.gewweserems.de\/index.php?rest_route=%2Fwp%2Fv2%2Fcomments&post=171"}],"version-history":[{"count":2,"href":"https:\/\/os-land.gewweserems.de\/index.php?rest_route=\/wp\/v2\/posts\/171\/revisions"}],"predecessor-version":[{"id":173,"href":"https:\/\/os-land.gewweserems.de\/index.php?rest_route=\/wp\/v2\/posts\/171\/revisions\/173"}],"wp:attachment":[{"href":"https:\/\/os-land.gewweserems.de\/index.php?rest_route=%2Fwp%2Fv2%2Fmedia&parent=171"}],"wp:term":[{"taxonomy":"category","embeddable":true,"href":"https:\/\/os-land.gewweserems.de\/index.php?rest_route=%2Fwp%2Fv2%2Fcategories&post=171"},{"taxonomy":"post_tag","embeddable":true,"href":"https:\/\/os-land.gewweserems.de\/index.php?rest_route=%2Fwp%2Fv2%2Ftags&post=171"}],"curies":[{"name":"wp","href":"https:\/\/api.w.org\/{rel}","templated":true}]}}