{"id":181,"date":"2019-02-27T19:00:52","date_gmt":"2019-02-27T19:00:52","guid":{"rendered":"http:\/\/os-land.gewweserems.de\/?p=181"},"modified":"2019-02-27T19:01:15","modified_gmt":"2019-02-27T19:01:15","slug":"personalraete-und-vertrauensleutekonferenzen-2","status":"publish","type":"post","link":"https:\/\/os-land.gewweserems.de\/?p=181","title":{"rendered":"Personalr\u00e4te- und Vertrauensleutekonferenzen"},"content":{"rendered":"<p>Wie in jedem Fr\u00fchjahr finden auch in diesem Jahr wieder unsere Personalr\u00e4te- und Vertrauensleutekonferenzen statt.<\/p>\n<p><strong>Zeit\/Ort: \u00a0 \u00a0\u00a0\u00a0\u00a0\u00a0\u00a0 Do. 07.03.2016, 9.00 Uhr bis ca. 14.00 Uhr<\/strong><\/p>\n<p><strong>\u00a0\u00a0\u00a0\u00a0\u00a0\u00a0\u00a0\u00a0\u00a0\u00a0\u00a0\u00a0\u00a0\u00a0\u00a0\u00a0\u00a0\u00a0\u00a0\u00a0\u00a0 Landvolk Hochschule Oesede, Gartbrink 5<\/strong><\/p>\n<p><strong>\u00a0<\/strong><\/p>\n<p><strong>\u00a0\u00a0\u00a0\u00a0\u00a0\u00a0\u00a0\u00a0\u00a0\u00a0\u00a0\u00a0\u00a0\u00a0\u00a0\u00a0\u00a0\u00a0\u00a0\u00a0\u00a0 Do. 28.03.2019, 9.45 Uhr bis ca.14.30h<\/strong><\/p>\n<p><strong>\u00a0\u00a0\u00a0\u00a0\u00a0\u00a0\u00a0 \u00a0\u00a0\u00a0\u00a0 \u00a0\u00a0\u00a0\u00a0\u00a0\u00a0 Bayrischer Hof in Melle, Bahnhofstr. 14<\/strong><\/p>\n<p><strong>\u00a0<\/strong><\/p>\n<p><strong>Kosten: \u00a0\u00a0\u00a0\u00a0 \u00a0\u00a0\u00a0\u00a0\u00a0\u00a0\u00a0Mitglieder kostenfrei<\/strong><\/p>\n<p><strong>\u00a0\u00a0\u00a0\u00a0\u00a0 \u00a0\u00a0\u00a0\u00a0\u00a0\u00a0\u00a0\u00a0\u00a0\u00a0\u00a0\u00a0\u00a0 \u00a0\u00a0\u00a0\u00a0\u00a0\u00a0\u00a0Nichtmitglieder 20\u20ac f\u00fcr Kaffee, Getr\u00e4nke und Mittagessen<\/strong><\/p>\n<p><strong>\u00a0<\/strong><\/p>\n<p><strong>\u00a0<\/strong><\/p>\n<p><strong>\u00a0<\/strong><\/p>\n<p><strong>Tagesordnungspunkte:<\/strong><\/p>\n<p><strong>\u00a0<\/strong><\/p>\n<ol>\n<li>Begr\u00fc\u00dfung &#8211; Austausch \u00fcber die Situation in den Schulen<br \/>\n2. Ergebnisse der Arbeitszeitkommission<br \/>\n3. Rechtliche \u00c4nderungen<br \/>\n4. Abo<br \/>\n5. BEM-Verfahren (Neuerungen)<br \/>\n6. Infos aus dem SBPR<br \/>\n7. Verschiedenes<\/li>\n<\/ol>\n<p>&nbsp;<\/p>\n<p>&nbsp;<\/p>\n<p>&nbsp;<\/p>\n<p>&nbsp;<\/p>\n<p>ANMELDUNG<\/p>\n<ul>\n<li>f\u00fcr den 07.03.2019 in Oesede bitte bis\u00a0 zum <u>04.03.2019,<\/u> gerne auch fr\u00fcher bei:<\/li>\n<\/ul>\n<p><strong>Karin<\/strong> <strong>H\u00fcls-Spiekermann, <\/strong>Lindath 30, 49324\u00a0 Melle, Tel.: 05422\/2661, oder<\/p>\n<p><a href=\"mailto:karinhuels@web.de\">karinhuels@web.de<\/a><\/p>\n<ul>\n<li>f\u00fcr den 28.03.2019 in Melle bitte bis zum 25.03.2019, gerne auch fr\u00fcher bei:\u00a0\u00a0\u00a0\u00a0\u00a0\u00a0\u00a0 Siggi van Kampen, Gl\u00fcckaufstr. 183, 49124 GM-H\u00fctteTel.: 05401\/44449, oder<\/li>\n<\/ul>\n<p><a href=\"mailto:siggivankampen@web.de\">siggivankampen@web.de<\/a><\/p>\n<p>&nbsp;<\/p>\n<p>Liebe Gr\u00fc\u00dfe<\/p>\n<p>Siggi van Kampen<\/p>\n<p>&nbsp;<\/p>\n<p>&nbsp;<\/p>\n<p>P.S.<\/p>\n<p>Zus\u00e4tzlich entstehende Kinderbetreuungskosten werden auf Antrag f\u00fcr GEW-Mitglieder \u00fcbernommen.<\/p>\n<p>&nbsp;<\/p>\n<p>Meldet euch gerne auch zur forum-schule Veranstaltung am 20.03.2019 \u00a0an, es sind noch Pl\u00e4tze frei!!!<\/p>\n<p>&nbsp;<\/p>\n","protected":false},"excerpt":{"rendered":"<div class=\"mh-excerpt\"><p>Wie in jedem Fr\u00fchjahr finden auch in diesem Jahr wieder unsere Personalr\u00e4te- und Vertrauensleutekonferenzen statt. Zeit\/Ort: \u00a0 \u00a0\u00a0\u00a0\u00a0\u00a0\u00a0 Do. 07.03.2016, 9.00 Uhr bis ca. 14.00 Uhr \u00a0\u00a0\u00a0\u00a0\u00a0\u00a0\u00a0\u00a0\u00a0\u00a0\u00a0\u00a0\u00a0\u00a0\u00a0\u00a0\u00a0\u00a0\u00a0\u00a0\u00a0 Landvolk Hochschule Oesede, Gartbrink 5 \u00a0 \u00a0\u00a0\u00a0\u00a0\u00a0\u00a0\u00a0\u00a0\u00a0\u00a0\u00a0\u00a0\u00a0\u00a0\u00a0\u00a0\u00a0\u00a0\u00a0\u00a0\u00a0 Do. <a class=\"mh-excerpt-more\" href=\"https:\/\/os-land.gewweserems.de\/?p=181\" title=\"Personalr\u00e4te- und Vertrauensleutekonferenzen\">[&#8230;]<\/a><\/p>\n<\/div>","protected":false},"author":2,"featured_media":0,"comment_status":"open","ping_status":"open","sticky":false,"template":"","format":"standard","meta":{"footnotes":""},"categories":[1],"tags":[],"class_list":["post-181","post","type-post","status-publish","format-standard","hentry","category-uncategorized"],"_links":{"self":[{"href":"https:\/\/os-land.gewweserems.de\/index.php?rest_route=\/wp\/v2\/posts\/181","targetHints":{"allow":["GET"]}}],"collection":[{"href":"https:\/\/os-land.gewweserems.de\/index.php?rest_route=\/wp\/v2\/posts"}],"about":[{"href":"https:\/\/os-land.gewweserems.de\/index.php?rest_route=\/wp\/v2\/types\/post"}],"author":[{"embeddable":true,"href":"https:\/\/os-land.gewweserems.de\/index.php?rest_route=\/wp\/v2\/users\/2"}],"replies":[{"embeddable":true,"href":"https:\/\/os-land.gewweserems.de\/index.php?rest_route=%2Fwp%2Fv2%2Fcomments&post=181"}],"version-history":[{"count":2,"href":"https:\/\/os-land.gewweserems.de\/index.php?rest_route=\/wp\/v2\/posts\/181\/revisions"}],"predecessor-version":[{"id":183,"href":"https:\/\/os-land.gewweserems.de\/index.php?rest_route=\/wp\/v2\/posts\/181\/revisions\/183"}],"wp:attachment":[{"href":"https:\/\/os-land.gewweserems.de\/index.php?rest_route=%2Fwp%2Fv2%2Fmedia&parent=181"}],"wp:term":[{"taxonomy":"category","embeddable":true,"href":"https:\/\/os-land.gewweserems.de\/index.php?rest_route=%2Fwp%2Fv2%2Fcategories&post=181"},{"taxonomy":"post_tag","embeddable":true,"href":"https:\/\/os-land.gewweserems.de\/index.php?rest_route=%2Fwp%2Fv2%2Ftags&post=181"}],"curies":[{"name":"wp","href":"https:\/\/api.w.org\/{rel}","templated":true}]}}