{"id":196,"date":"2019-08-20T07:54:57","date_gmt":"2019-08-20T07:54:57","guid":{"rendered":"http:\/\/os-land.gewweserems.de\/?p=196"},"modified":"2019-09-02T18:23:53","modified_gmt":"2019-09-02T18:23:53","slug":"einladung-zum-kaffeeklatsch-fuer-neue-mitglieder","status":"publish","type":"post","link":"https:\/\/os-land.gewweserems.de\/?p=196","title":{"rendered":"Einladung zum &#8222;Kaffeeklatsch&#8220;"},"content":{"rendered":"<p><strong>Was gibt es neues im Kreisverband? Herzliche Einladung zum Kaffeeklatsch!\u00a0\u00a0\u00a0 <\/strong><\/p>\n<p>&nbsp;<\/p>\n<p>Der Kreisverband Osnabr\u00fcck-Land der GEW l\u00e4dt alle Mitglieder herzlich zu Kaffee und Kuchen ein, um sich in gem\u00fctlicehr Runde \u00fcber die Neuigkeiten im KV auszutauschen<\/p>\n<p>Am: 11. September 2019<\/p>\n<p>Ab: 16:00 Uhr<\/p>\n<p>Im: Caf\u00e9 am Rubbenbruchsee, Barenteich 2, 49076 Osnabr\u00fcck<\/p>\n<p>In gem\u00fctlicher Runde besteht die M\u00f6glichkeit sich \u00fcber die GEW und die Angebote des Kreisverbandes zu informieren oder einfach auch nur andere neue Mitglieder kennenzulernen.<\/p>\n<p>Wir hoffen auf rege Teilnahme. Anmeldungen bis zum 06. September unter birgit.ostendorf@osnanet.de<\/p>\n<p>Viele Gr\u00fc\u00dfe<\/p>\n<p>Birgit Ostendorf<\/p>\n<p>Kreisvorsitzende<\/p>\n<p>Tel.: 0541\/ 58051359<\/p>\n<p>Mail: birgit.ostendorf@osnanet.de<\/p>\n","protected":false},"excerpt":{"rendered":"<div class=\"mh-excerpt\"><p>Was gibt es neues im Kreisverband? Herzliche Einladung zum Kaffeeklatsch!\u00a0\u00a0\u00a0 &nbsp; Der Kreisverband Osnabr\u00fcck-Land der GEW l\u00e4dt alle Mitglieder herzlich zu Kaffee und Kuchen ein, um sich in gem\u00fctlicehr Runde \u00fcber die Neuigkeiten im KV <a class=\"mh-excerpt-more\" href=\"https:\/\/os-land.gewweserems.de\/?p=196\" title=\"Einladung zum &#8222;Kaffeeklatsch&#8220;\">[&#8230;]<\/a><\/p>\n<\/div>","protected":false},"author":2,"featured_media":0,"comment_status":"open","ping_status":"open","sticky":false,"template":"","format":"standard","meta":{"footnotes":""},"categories":[1],"tags":[],"class_list":["post-196","post","type-post","status-publish","format-standard","hentry","category-uncategorized"],"_links":{"self":[{"href":"https:\/\/os-land.gewweserems.de\/index.php?rest_route=\/wp\/v2\/posts\/196","targetHints":{"allow":["GET"]}}],"collection":[{"href":"https:\/\/os-land.gewweserems.de\/index.php?rest_route=\/wp\/v2\/posts"}],"about":[{"href":"https:\/\/os-land.gewweserems.de\/index.php?rest_route=\/wp\/v2\/types\/post"}],"author":[{"embeddable":true,"href":"https:\/\/os-land.gewweserems.de\/index.php?rest_route=\/wp\/v2\/users\/2"}],"replies":[{"embeddable":true,"href":"https:\/\/os-land.gewweserems.de\/index.php?rest_route=%2Fwp%2Fv2%2Fcomments&post=196"}],"version-history":[{"count":4,"href":"https:\/\/os-land.gewweserems.de\/index.php?rest_route=\/wp\/v2\/posts\/196\/revisions"}],"predecessor-version":[{"id":201,"href":"https:\/\/os-land.gewweserems.de\/index.php?rest_route=\/wp\/v2\/posts\/196\/revisions\/201"}],"wp:attachment":[{"href":"https:\/\/os-land.gewweserems.de\/index.php?rest_route=%2Fwp%2Fv2%2Fmedia&parent=196"}],"wp:term":[{"taxonomy":"category","embeddable":true,"href":"https:\/\/os-land.gewweserems.de\/index.php?rest_route=%2Fwp%2Fv2%2Fcategories&post=196"},{"taxonomy":"post_tag","embeddable":true,"href":"https:\/\/os-land.gewweserems.de\/index.php?rest_route=%2Fwp%2Fv2%2Ftags&post=196"}],"curies":[{"name":"wp","href":"https:\/\/api.w.org\/{rel}","templated":true}]}}