{"id":203,"date":"2019-09-17T08:24:27","date_gmt":"2019-09-17T08:24:27","guid":{"rendered":"http:\/\/os-land.gewweserems.de\/?p=203"},"modified":"2021-03-11T11:36:46","modified_gmt":"2021-03-11T11:36:46","slug":"herbstschulungen-fuer-personalraete","status":"publish","type":"post","link":"https:\/\/os-land.gewweserems.de\/?p=203","title":{"rendered":"Herbstschulungen f\u00fcr Personalr\u00e4te"},"content":{"rendered":"<p>Wie immer im Herbst m\u00f6chte ich euch gerne zu unserer Personalr\u00e4te- und Vertrauensleutekonferenz einladen. Wir laden wieder f\u00fcr beide Veranstaltungen gemeinsam ein.<\/p>\n<p><strong>Zeit\/Ort: &nbsp;&nbsp;&nbsp;&nbsp;&nbsp;&nbsp;&nbsp;&nbsp; Di. 05.11.2019, 9.30 Uhr bis ca. 16.00 Uhr<\/strong><\/p>\n<p><strong>&nbsp;&nbsp;&nbsp;&nbsp;&nbsp;&nbsp;&nbsp;&nbsp;&nbsp;&nbsp;&nbsp;&nbsp;&nbsp;&nbsp;&nbsp;&nbsp;&nbsp;&nbsp;&nbsp;&nbsp;&nbsp; Landvolk Hochschule Oesede, Gartbrink 5<\/strong><\/p>\n<p>&nbsp;<\/p>\n<p><strong>&nbsp;&nbsp;&nbsp;&nbsp;&nbsp;&nbsp;&nbsp;&nbsp;&nbsp;&nbsp;&nbsp;&nbsp;&nbsp;&nbsp;&nbsp;&nbsp;&nbsp;&nbsp;&nbsp;&nbsp;&nbsp;&nbsp; Do. 07.11.2019, 10.00 Uhr bis ca.16.00 Uhr<\/strong><\/p>\n<p><strong>&nbsp;&nbsp;&nbsp;&nbsp;&nbsp;&nbsp;&nbsp; &nbsp;&nbsp;&nbsp;&nbsp;&nbsp;&nbsp;&nbsp;&nbsp;&nbsp;&nbsp;&nbsp; Bayrischer Hof in Melle, Bahnhofstr. 14<\/strong><\/p>\n<p><strong>&nbsp;<\/strong><\/p>\n<p><strong>Kosten: &nbsp;&nbsp;&nbsp;&nbsp; &nbsp;&nbsp;&nbsp;&nbsp;&nbsp;&nbsp;&nbsp;Mitglieder kostenfrei<\/strong><\/p>\n<p><strong>&nbsp;&nbsp;&nbsp;&nbsp;&nbsp;&nbsp;&nbsp;&nbsp;&nbsp;&nbsp;&nbsp; &nbsp;&nbsp;&nbsp;&nbsp;&nbsp;&nbsp;&nbsp; &nbsp;&nbsp;&nbsp;&nbsp;&nbsp;&nbsp;&nbsp;Nichtmitglieder 20\u20ac f\u00fcr Kaffee, Getr\u00e4nke und Mittagessen<\/strong><\/p>\n<p><strong>&nbsp;Tagesordnungspunkte:<\/strong><\/p>\n<ol>\n<li>Begr\u00fc\u00dfung &#8211; Austausch \u00fcber die Situation in den Schulen<br \/>\n2. Neuerungen im Einstellungserlass<\/li>\n<li>Sonderp\u00e4dagogische Beratung an allgemeinbildenden Schulen<\/li>\n<li>Eingruppierung P\u00e4dagogische Mitarbeiter*innen und Sozialp\u00e4dagog*innen<\/li>\n<li>Neuer \u201eBugis-Bogen\u201c<\/li>\n<li>Schwerbehinderten-Richtlinien<\/li>\n<li>Quereinstieg<\/li>\n<li>PR-Wahl 2020<\/li>\n<li>Verschiedenes<\/li>\n<\/ol>\n<p>ANMELDUNG<\/p>\n<ul>\n<li>f\u00fcr den 05.11.2019 in Oesede bitte bis zum <u>31.10.2019,<\/u> gerne auch fr\u00fcher bei:<\/li>\n<\/ul>\n<p><strong>Karin<\/strong> <strong>H\u00fcls-Spiekermann, <\/strong>Lindath 30, 49324 Melle, Tel.: 05422\/2661, oder<\/p>\n<p><a href=\"mailto:karinhuels@web.de\">karinhuels@web.de<\/a><\/p>\n<p>&nbsp;<\/p>\n<ul>\n<li>f\u00fcr den 07.11.2019 in Melle bitte bis zum 04.11.2019, gerne auch fr\u00fcher bei:<\/li>\n<\/ul>\n<p><strong>Siggi van Kampen<\/strong>, Gl\u00fcckaufstr. 183, 49124 GM-H\u00fctte, Tel.: 05401\/44449, oder<\/p>\n<p><a href=\"mailto:siggivankampen@web.de\">siggivankampen@web.de<\/a><\/p>\n<p>&nbsp;<\/p>\n<p>&nbsp;<\/p>\n","protected":false},"excerpt":{"rendered":"<div class=\"mh-excerpt\"><p>Wie immer im Herbst m\u00f6chte ich euch gerne zu unserer Personalr\u00e4te- und Vertrauensleutekonferenz einladen. Wir laden wieder f\u00fcr beide Veranstaltungen gemeinsam ein. Zeit\/Ort: &nbsp;&nbsp;&nbsp;&nbsp;&nbsp;&nbsp;&nbsp;&nbsp; Di. 05.11.2019, 9.30 Uhr bis ca. 16.00 Uhr &nbsp;&nbsp;&nbsp;&nbsp;&nbsp;&nbsp;&nbsp;&nbsp;&nbsp;&nbsp;&nbsp;&nbsp;&nbsp;&nbsp;&nbsp;&nbsp;&nbsp;&nbsp;&nbsp;&nbsp;&nbsp; Landvolk Hochschule <a class=\"mh-excerpt-more\" href=\"https:\/\/os-land.gewweserems.de\/?p=203\" title=\"Herbstschulungen f\u00fcr Personalr\u00e4te\">[&#8230;]<\/a><\/p>\n<\/div>","protected":false},"author":2,"featured_media":258,"comment_status":"open","ping_status":"open","sticky":false,"template":"","format":"standard","meta":{"footnotes":""},"categories":[1],"tags":[],"class_list":["post-203","post","type-post","status-publish","format-standard","has-post-thumbnail","hentry","category-uncategorized"],"_links":{"self":[{"href":"https:\/\/os-land.gewweserems.de\/index.php?rest_route=\/wp\/v2\/posts\/203","targetHints":{"allow":["GET"]}}],"collection":[{"href":"https:\/\/os-land.gewweserems.de\/index.php?rest_route=\/wp\/v2\/posts"}],"about":[{"href":"https:\/\/os-land.gewweserems.de\/index.php?rest_route=\/wp\/v2\/types\/post"}],"author":[{"embeddable":true,"href":"https:\/\/os-land.gewweserems.de\/index.php?rest_route=\/wp\/v2\/users\/2"}],"replies":[{"embeddable":true,"href":"https:\/\/os-land.gewweserems.de\/index.php?rest_route=%2Fwp%2Fv2%2Fcomments&post=203"}],"version-history":[{"count":2,"href":"https:\/\/os-land.gewweserems.de\/index.php?rest_route=\/wp\/v2\/posts\/203\/revisions"}],"predecessor-version":[{"id":263,"href":"https:\/\/os-land.gewweserems.de\/index.php?rest_route=\/wp\/v2\/posts\/203\/revisions\/263"}],"wp:featuredmedia":[{"embeddable":true,"href":"https:\/\/os-land.gewweserems.de\/index.php?rest_route=\/wp\/v2\/media\/258"}],"wp:attachment":[{"href":"https:\/\/os-land.gewweserems.de\/index.php?rest_route=%2Fwp%2Fv2%2Fmedia&parent=203"}],"wp:term":[{"taxonomy":"category","embeddable":true,"href":"https:\/\/os-land.gewweserems.de\/index.php?rest_route=%2Fwp%2Fv2%2Fcategories&post=203"},{"taxonomy":"post_tag","embeddable":true,"href":"https:\/\/os-land.gewweserems.de\/index.php?rest_route=%2Fwp%2Fv2%2Ftags&post=203"}],"curies":[{"name":"wp","href":"https:\/\/api.w.org\/{rel}","templated":true}]}}