{"id":212,"date":"2019-12-08T19:08:19","date_gmt":"2019-12-08T19:08:19","guid":{"rendered":"http:\/\/os-land.gewweserems.de\/?p=212"},"modified":"2021-03-11T11:35:20","modified_gmt":"2021-03-11T11:35:20","slug":"veranstaltungen-mit-hanna-hardeland","status":"publish","type":"post","link":"https:\/\/os-land.gewweserems.de\/?p=212","title":{"rendered":"Veranstaltungen mit Hanna Hardeland"},"content":{"rendered":"<p>Der Kreisverband Osnabr\u00fcck-Land l\u00e4dt ein:<\/p>\n<p>zu einem Vortrag mit Hanna Hardeland am 05.02.2020, 16:30 Uhr im Haus der Jugend in Osnabr\u00fcck, der Eintritt ist kostenlos, keine Anmeldung erforderlich<\/p>\n<p>zu einem Workshop mit Hanna Hardeland am 06.02.2020, 09:00 bis 16:00 Uhr in der Kath. Landvolkhochschule in Oesede, Anmeldung erforderluch unter birgit.ostendorf@osnanet.de, Nichtmitglieder zahlen einen Kostenbeitrag von 35,-\u20ac<\/p>\n<p>Hanna Hardeland ist Lerncoach- und Lernberatungsexpertin und Herausgeberin von Fachliteratur zum Thema Lerncoaching.<\/p>\n<p>\u201eIn Schule muss mehr \u00fcber das<br \/>\nLernen und nicht nur \u00fcber die<br \/>\nFachinhalte gesprochen werden.\u201c<br \/>\nSo lautet das Credo der Lerncoachund<br \/>\nLernberatungs-Expertin.<\/p>\n","protected":false},"excerpt":{"rendered":"<div class=\"mh-excerpt\"><p>Der Kreisverband Osnabr\u00fcck-Land l\u00e4dt ein: zu einem Vortrag mit Hanna Hardeland am 05.02.2020, 16:30 Uhr im Haus der Jugend in Osnabr\u00fcck, der Eintritt ist kostenlos, keine Anmeldung erforderlich zu einem Workshop mit Hanna Hardeland am <a class=\"mh-excerpt-more\" href=\"https:\/\/os-land.gewweserems.de\/?p=212\" title=\"Veranstaltungen mit Hanna Hardeland\">[&#8230;]<\/a><\/p>\n<\/div>","protected":false},"author":2,"featured_media":257,"comment_status":"open","ping_status":"open","sticky":false,"template":"","format":"standard","meta":{"footnotes":""},"categories":[1],"tags":[],"class_list":["post-212","post","type-post","status-publish","format-standard","has-post-thumbnail","hentry","category-uncategorized"],"_links":{"self":[{"href":"https:\/\/os-land.gewweserems.de\/index.php?rest_route=\/wp\/v2\/posts\/212","targetHints":{"allow":["GET"]}}],"collection":[{"href":"https:\/\/os-land.gewweserems.de\/index.php?rest_route=\/wp\/v2\/posts"}],"about":[{"href":"https:\/\/os-land.gewweserems.de\/index.php?rest_route=\/wp\/v2\/types\/post"}],"author":[{"embeddable":true,"href":"https:\/\/os-land.gewweserems.de\/index.php?rest_route=\/wp\/v2\/users\/2"}],"replies":[{"embeddable":true,"href":"https:\/\/os-land.gewweserems.de\/index.php?rest_route=%2Fwp%2Fv2%2Fcomments&post=212"}],"version-history":[{"count":2,"href":"https:\/\/os-land.gewweserems.de\/index.php?rest_route=\/wp\/v2\/posts\/212\/revisions"}],"predecessor-version":[{"id":214,"href":"https:\/\/os-land.gewweserems.de\/index.php?rest_route=\/wp\/v2\/posts\/212\/revisions\/214"}],"wp:featuredmedia":[{"embeddable":true,"href":"https:\/\/os-land.gewweserems.de\/index.php?rest_route=\/wp\/v2\/media\/257"}],"wp:attachment":[{"href":"https:\/\/os-land.gewweserems.de\/index.php?rest_route=%2Fwp%2Fv2%2Fmedia&parent=212"}],"wp:term":[{"taxonomy":"category","embeddable":true,"href":"https:\/\/os-land.gewweserems.de\/index.php?rest_route=%2Fwp%2Fv2%2Fcategories&post=212"},{"taxonomy":"post_tag","embeddable":true,"href":"https:\/\/os-land.gewweserems.de\/index.php?rest_route=%2Fwp%2Fv2%2Ftags&post=212"}],"curies":[{"name":"wp","href":"https:\/\/api.w.org\/{rel}","templated":true}]}}