{"id":35,"date":"2016-09-17T11:30:41","date_gmt":"2016-09-17T11:30:41","guid":{"rendered":"http:\/\/os-land.gewweserems.de\/?p=35"},"modified":"2021-03-11T10:37:50","modified_gmt":"2021-03-11T10:37:50","slug":"schon-mal-vormerken-herbstschulungen-fuer-personalraete","status":"publish","type":"post","link":"https:\/\/os-land.gewweserems.de\/?p=35","title":{"rendered":"Herbstschulungen f\u00fcr Personalr\u00e4te"},"content":{"rendered":"<p>Wie in jedem Jahr bietet der Kreisverband wieder Schulungen f\u00fcr Personalr\u00e4te an.<\/p>\n<p>Am 08.11.2016 findet in der Zeit von 10:00 &#8211; 16:00 Uhr die Personalr\u00e4teschulung im Bayrischen Hof in Melle statt.<\/p>\n<p>Die Anmeldung erfolgt bei Siggi van Kampen bis zum 03.11.2016 unter siggivankampen@web.de oder telefonisch unter 05401\/ 44449.<\/p>\n<p>&nbsp;<\/p>\n<p>Am 17.11.2016 findet in der Zeit von 09:00 &#8211; 17:00 Uhr\u00a0 die Personalr\u00e4teschulung in der Landvolkhochschule in Oesede statt.<\/p>\n<p>Die Anmeldung erfolgt bei Hannelore Gl\u00fcder-Duske bis zum 10.11.2016 unter hglueder@aol.com<\/p>\n<p>F\u00fcr beide Veranstaltungen gilt, dass f\u00fcr GEW-Mitglieder zus\u00e4tzliche entstehende Betreuungskosten f\u00fcr Kinder oder Pflege von nahen Angeh\u00f6rigen gegen Vorlage einer Quittung \u00fcbernommen werden.<\/p>\n<p>Au\u00dferdem ist die Fresitellung f\u00fcr die Schulung gem\u00e4\u00df \u00a7 40 NPersVG bei der Schulleitung anzuzeigen.<\/p>\n<p>&nbsp;<\/p>\n<p>&nbsp;<\/p>\n","protected":false},"excerpt":{"rendered":"<div class=\"mh-excerpt\"><p>Wie in jedem Jahr bietet der Kreisverband wieder Schulungen f\u00fcr Personalr\u00e4te an. Am 08.11.2016 findet in der Zeit von 10:00 &#8211; 16:00 Uhr die Personalr\u00e4teschulung im Bayrischen Hof in Melle statt. Die Anmeldung erfolgt bei <a class=\"mh-excerpt-more\" href=\"https:\/\/os-land.gewweserems.de\/?p=35\" title=\"Herbstschulungen f\u00fcr Personalr\u00e4te\">[&#8230;]<\/a><\/p>\n<\/div>","protected":false},"author":2,"featured_media":0,"comment_status":"open","ping_status":"open","sticky":false,"template":"","format":"standard","meta":{"footnotes":""},"categories":[3,4],"tags":[],"class_list":["post-35","post","type-post","status-publish","format-standard","hentry","category-aktuelles","category-veranstaltungen"],"_links":{"self":[{"href":"https:\/\/os-land.gewweserems.de\/index.php?rest_route=\/wp\/v2\/posts\/35","targetHints":{"allow":["GET"]}}],"collection":[{"href":"https:\/\/os-land.gewweserems.de\/index.php?rest_route=\/wp\/v2\/posts"}],"about":[{"href":"https:\/\/os-land.gewweserems.de\/index.php?rest_route=\/wp\/v2\/types\/post"}],"author":[{"embeddable":true,"href":"https:\/\/os-land.gewweserems.de\/index.php?rest_route=\/wp\/v2\/users\/2"}],"replies":[{"embeddable":true,"href":"https:\/\/os-land.gewweserems.de\/index.php?rest_route=%2Fwp%2Fv2%2Fcomments&post=35"}],"version-history":[{"count":5,"href":"https:\/\/os-land.gewweserems.de\/index.php?rest_route=\/wp\/v2\/posts\/35\/revisions"}],"predecessor-version":[{"id":64,"href":"https:\/\/os-land.gewweserems.de\/index.php?rest_route=\/wp\/v2\/posts\/35\/revisions\/64"}],"wp:attachment":[{"href":"https:\/\/os-land.gewweserems.de\/index.php?rest_route=%2Fwp%2Fv2%2Fmedia&parent=35"}],"wp:term":[{"taxonomy":"category","embeddable":true,"href":"https:\/\/os-land.gewweserems.de\/index.php?rest_route=%2Fwp%2Fv2%2Fcategories&post=35"},{"taxonomy":"post_tag","embeddable":true,"href":"https:\/\/os-land.gewweserems.de\/index.php?rest_route=%2Fwp%2Fv2%2Ftags&post=35"}],"curies":[{"name":"wp","href":"https:\/\/api.w.org\/{rel}","templated":true}]}}