{"id":351,"date":"2021-09-08T12:49:10","date_gmt":"2021-09-08T12:49:10","guid":{"rendered":"https:\/\/os-land.gewweserems.de\/?p=351"},"modified":"2021-09-08T13:16:23","modified_gmt":"2021-09-08T13:16:23","slug":"kaffeeklatsch-am-06-10-21","status":"publish","type":"post","link":"https:\/\/os-land.gewweserems.de\/?p=351","title":{"rendered":"Kaffeeklatsch am 06.10.21"},"content":{"rendered":"\n<p><strong>Was gibt es Neues im Kreisverband und der GEW?<\/strong><\/p>\n\n\n\n<p><strong>Herzliche Einladung zum Kaffeeklatsch f\u00fcr&nbsp;<\/strong><\/p>\n\n\n\n<p><strong>alle Mitglieder<\/strong><\/p>\n\n\n\n<p>Am: Mittwoch, 06. Oktober 2021<\/p>\n\n\n\n<p>Ab: 16:00 Uhr<\/p>\n\n\n\n<p>Im: Caf\u00e9 am Rubbenbruchsee, Barenteich 2, 49076 Osnabr\u00fcck<\/p>\n\n\n\n<p>Der Kreisverband Osnabr\u00fcck-Land l\u00e4dt ein zu Kaffee und Kuchen.&nbsp;<\/p>\n\n\n\n<p>In gem\u00fctlicher Runde besteht die M\u00f6glichkeit, sich \u00fcber die Neuigkeiten im Kreisverband, der GEW Niedersachsen, Veranstaltungen etc. auszutauschen oder einfach auch nur andere Mitglieder kennenzulernen.<\/p>\n\n\n\n<p>Wir hoffen auf rege Teilnahme.<\/p>\n\n\n\n<p>Anmeldungen bitte bis zum 01.10.2021 unter&nbsp;<\/p>\n\n\n\n<p class=\"has-vivid-red-color has-text-color\">elisabeth.uphoff@gewweserems.de<\/p>\n\n\n\n<p>Viele Gr\u00fc\u00dfe&nbsp;<\/p>\n\n\n\n<p>Birgit Ostendorf&nbsp;<\/p>\n\n\n\n<p>Kreisvorsitzende&nbsp;<\/p>\n\n\n\n<p>Tel.: 0541\/ 58051359&nbsp;<\/p>\n\n\n\n<p>Mail: birgit.ostendorf@osnanet.de<\/p>\n\n\n\n<figure class=\"wp-block-image\"><img decoding=\"async\" src=\"blob:https:\/\/os-land.gewweserems.de\/65ea59e4-d9c1-4319-9cea-bda6d50a59ce\" alt=\"pastedGraphic.png\"\/><\/figure>\n\n\n\n<p><\/p>\n","protected":false},"excerpt":{"rendered":"<div class=\"mh-excerpt\"><p>Was gibt es Neues im Kreisverband und der GEW? Herzliche Einladung zum Kaffeeklatsch f\u00fcr&nbsp; alle Mitglieder Am: Mittwoch, 06. Oktober 2021 Ab: 16:00 Uhr Im: Caf\u00e9 am Rubbenbruchsee, Barenteich 2, 49076 Osnabr\u00fcck Der Kreisverband Osnabr\u00fcck-Land <a class=\"mh-excerpt-more\" href=\"https:\/\/os-land.gewweserems.de\/?p=351\" title=\"Kaffeeklatsch am 06.10.21\">[&#8230;]<\/a><\/p>\n<\/div>","protected":false},"author":4,"featured_media":355,"comment_status":"open","ping_status":"open","sticky":false,"template":"","format":"standard","meta":{"footnotes":""},"categories":[3,4],"tags":[],"class_list":["post-351","post","type-post","status-publish","format-standard","has-post-thumbnail","hentry","category-aktuelles","category-veranstaltungen"],"_links":{"self":[{"href":"https:\/\/os-land.gewweserems.de\/index.php?rest_route=\/wp\/v2\/posts\/351","targetHints":{"allow":["GET"]}}],"collection":[{"href":"https:\/\/os-land.gewweserems.de\/index.php?rest_route=\/wp\/v2\/posts"}],"about":[{"href":"https:\/\/os-land.gewweserems.de\/index.php?rest_route=\/wp\/v2\/types\/post"}],"author":[{"embeddable":true,"href":"https:\/\/os-land.gewweserems.de\/index.php?rest_route=\/wp\/v2\/users\/4"}],"replies":[{"embeddable":true,"href":"https:\/\/os-land.gewweserems.de\/index.php?rest_route=%2Fwp%2Fv2%2Fcomments&post=351"}],"version-history":[{"count":3,"href":"https:\/\/os-land.gewweserems.de\/index.php?rest_route=\/wp\/v2\/posts\/351\/revisions"}],"predecessor-version":[{"id":354,"href":"https:\/\/os-land.gewweserems.de\/index.php?rest_route=\/wp\/v2\/posts\/351\/revisions\/354"}],"wp:featuredmedia":[{"embeddable":true,"href":"https:\/\/os-land.gewweserems.de\/index.php?rest_route=\/wp\/v2\/media\/355"}],"wp:attachment":[{"href":"https:\/\/os-land.gewweserems.de\/index.php?rest_route=%2Fwp%2Fv2%2Fmedia&parent=351"}],"wp:term":[{"taxonomy":"category","embeddable":true,"href":"https:\/\/os-land.gewweserems.de\/index.php?rest_route=%2Fwp%2Fv2%2Fcategories&post=351"},{"taxonomy":"post_tag","embeddable":true,"href":"https:\/\/os-land.gewweserems.de\/index.php?rest_route=%2Fwp%2Fv2%2Ftags&post=351"}],"curies":[{"name":"wp","href":"https:\/\/api.w.org\/{rel}","templated":true}]}}