{"id":360,"date":"2021-10-08T10:04:37","date_gmt":"2021-10-08T10:04:37","guid":{"rendered":"https:\/\/os-land.gewweserems.de\/?p=360"},"modified":"2021-11-08T12:58:48","modified_gmt":"2021-11-08T12:58:48","slug":"herbstschulungen-fuer-schulpersonalraete-november-21","status":"publish","type":"post","link":"https:\/\/os-land.gewweserems.de\/?p=360","title":{"rendered":"Herbstschulungen f\u00fcr Schulpersonalr\u00e4te November 21"},"content":{"rendered":"\n<p>Einladung zur<\/p>\n\n\n\n<p>Herbstschulung f\u00fcr Schulpersonalr\u00e4te<\/p>\n\n\n\n<p>am 16.11.2021 und am 23.11.2021<\/p>\n\n\n\n<p><strong>Liebe Kolleginnen und Kollegen!<\/strong>&nbsp;<\/p>\n\n\n\n<p>Wie immer im Herbst m\u00f6chte ich euch gerne zu unseren Personalr\u00e4teschulungen einladen. &nbsp;<\/p>\n\n\n\n<p><strong>Zeit\/Ort: <\/strong><\/p>\n\n\n\n<p><strong><span style=\"text-decoration: underline;\">Di. 16.11.2021<\/span>, 09:30 Uhr bis ca. 16.00 Uhr<\/strong>   <span class=\"has-inline-color has-vivid-red-color\">AUSGEBUCHT!<\/span><\/p>\n\n\n\n<p class=\"has-text-align-left\"><strong>Haus Ohrbeck, Am Boberg 10, Georgsmarienh\u00fctte<\/strong><\/p>\n\n\n\n<p class=\"has-text-align-left\"><strong><span style=\"text-decoration: underline;\">Di. 23.11.2021<\/span>, 10:00 Uhr bis ca.16.00 Uhr<\/strong><\/p>\n\n\n\n<p class=\"has-text-align-left\"><strong>Bayrischer Hof, Bahnhofstr. 14, Melle<\/strong><\/p>\n\n\n\n<p class=\"has-text-align-left\"><strong>Kosten:&nbsp; &nbsp; Mitglieder kostenfrei<\/strong><\/p>\n\n\n\n<p><strong>&nbsp; &nbsp; &nbsp; &nbsp; &nbsp; &nbsp; &nbsp;      &nbsp; &nbsp;Nichtmitglieder 20\u20ac f\u00fcr Kaffee, Getr\u00e4nke und Mittagessen<\/strong><\/p>\n\n\n\n<p><strong>Tagesordnungspunkte:<\/strong><\/p>\n\n\n\n<p>1. Begr\u00fc\u00dfung &#8211; Austausch \u00fcber die Situation in den Schulen<\/p>\n\n\n\n<p>2. Neue Erlasse und Verordnungen<\/p>\n\n\n\n<p>3. Probezeit<\/p>\n\n\n\n<p>4. Abrufstunden p\u00e4dagogische Mitarbeiter*innen<\/p>\n\n\n\n<p>5. Mobiler Dienst<\/p>\n\n\n\n<p>6. Corona und Dienstunfall<\/p>\n\n\n\n<p>7.&nbsp; Dienstaufsichtsbeschwerden<\/p>\n\n\n\n<p>8.&nbsp; Personalversammlungen<\/p>\n\n\n\n<p>9.&nbsp; Dienstvereinbarung Digitalisierung<\/p>\n\n\n\n<p>10. Verschiedenes<\/p>\n\n\n\n<p>ANMELDUNG&nbsp;<\/p>\n\n\n\n<ul class=\"wp-block-list\"><li>f\u00fcr den <strong>16.11.2021<\/strong> im Haus Ohrbeck bis zum 09.11.2021, gerne auch fr\u00fcher bei:&nbsp; &nbsp; &nbsp; &nbsp; <strong>Elisabeth Uphoff<\/strong>, <a href=\"mailto:elisabeth.uphoff@gewweserems.de\">elisabeth.uphoff@gewweserems.de<\/a>, Tel.: 0441\/ 9572849&nbsp;<\/li><\/ul>\n\n\n\n<ul class=\"wp-block-list\"><li>f\u00fcr den <strong>23.11.2021<\/strong> in Melle bitte bis zum 18.11.2021, gerne auch fr\u00fcher bei:&nbsp;<strong>Siggi van Kampen<\/strong>, Gl\u00fcckaufstr. 183, 49124 GM-H\u00fctte <a href=\"mailto:siggivankampen@web.de\">siggivankampen@web.de<\/a>, Tel.: 05401\/44449<\/li><\/ul>\n\n\n\n<p>Die Schulung ist vom RLSB Osnabr\u00fcck genehmigt, die Freistellung gem\u00e4\u00df \u00a7 40 NPersVG&nbsp; bei der Schulleitung beantragen.<\/p>\n\n\n\n<p>Viele Gr\u00fc\u00dfe<\/p>\n\n\n\n<p>Birgit Ostendorf<\/p>\n\n\n\n<p>P.S.: Zus\u00e4tzlich entstehende Kinderbetreuungskosten werden auf Antrag f\u00fcr GEW-Mitglieder \u00fcbernommen.<\/p>\n","protected":false},"excerpt":{"rendered":"<div class=\"mh-excerpt\"><p>Einladung zur Herbstschulung f\u00fcr Schulpersonalr\u00e4te am 16.11.2021 und am 23.11.2021 Liebe Kolleginnen und Kollegen!&nbsp; Wie immer im Herbst m\u00f6chte ich euch gerne zu unseren Personalr\u00e4teschulungen einladen. &nbsp; Zeit\/Ort: Di. 16.11.2021, 09:30 Uhr bis ca. 16.00 <a class=\"mh-excerpt-more\" href=\"https:\/\/os-land.gewweserems.de\/?p=360\" title=\"Herbstschulungen f\u00fcr Schulpersonalr\u00e4te November 21\">[&#8230;]<\/a><\/p>\n<\/div>","protected":false},"author":4,"featured_media":258,"comment_status":"open","ping_status":"open","sticky":false,"template":"","format":"standard","meta":{"footnotes":""},"categories":[3,4],"tags":[],"class_list":["post-360","post","type-post","status-publish","format-standard","has-post-thumbnail","hentry","category-aktuelles","category-veranstaltungen"],"_links":{"self":[{"href":"https:\/\/os-land.gewweserems.de\/index.php?rest_route=\/wp\/v2\/posts\/360","targetHints":{"allow":["GET"]}}],"collection":[{"href":"https:\/\/os-land.gewweserems.de\/index.php?rest_route=\/wp\/v2\/posts"}],"about":[{"href":"https:\/\/os-land.gewweserems.de\/index.php?rest_route=\/wp\/v2\/types\/post"}],"author":[{"embeddable":true,"href":"https:\/\/os-land.gewweserems.de\/index.php?rest_route=\/wp\/v2\/users\/4"}],"replies":[{"embeddable":true,"href":"https:\/\/os-land.gewweserems.de\/index.php?rest_route=%2Fwp%2Fv2%2Fcomments&post=360"}],"version-history":[{"count":8,"href":"https:\/\/os-land.gewweserems.de\/index.php?rest_route=\/wp\/v2\/posts\/360\/revisions"}],"predecessor-version":[{"id":374,"href":"https:\/\/os-land.gewweserems.de\/index.php?rest_route=\/wp\/v2\/posts\/360\/revisions\/374"}],"wp:featuredmedia":[{"embeddable":true,"href":"https:\/\/os-land.gewweserems.de\/index.php?rest_route=\/wp\/v2\/media\/258"}],"wp:attachment":[{"href":"https:\/\/os-land.gewweserems.de\/index.php?rest_route=%2Fwp%2Fv2%2Fmedia&parent=360"}],"wp:term":[{"taxonomy":"category","embeddable":true,"href":"https:\/\/os-land.gewweserems.de\/index.php?rest_route=%2Fwp%2Fv2%2Fcategories&post=360"},{"taxonomy":"post_tag","embeddable":true,"href":"https:\/\/os-land.gewweserems.de\/index.php?rest_route=%2Fwp%2Fv2%2Ftags&post=360"}],"curies":[{"name":"wp","href":"https:\/\/api.w.org\/{rel}","templated":true}]}}