{"id":436,"date":"2023-10-09T14:09:52","date_gmt":"2023-10-09T14:09:52","guid":{"rendered":"https:\/\/os-land.gewweserems.de\/?p=436"},"modified":"2023-10-13T07:54:09","modified_gmt":"2023-10-13T07:54:09","slug":"herbstschulungen-fuer-personalraete-2","status":"publish","type":"post","link":"https:\/\/os-land.gewweserems.de\/?p=436","title":{"rendered":"Herbstschulungen f\u00fcr Personalr\u00e4te"},"content":{"rendered":"\n<p><strong>Einladung zur Herbstschulung f\u00fcr Schulpersonalr\u00e4te am 07.11.2023 und am 14.11.2023<\/strong><\/p>\n\n\n\n<p><strong>Liebe Kolleginnen und Kollegen!<\/strong>&nbsp;<\/p>\n\n\n\n<p>Wie immer zu dieser Jahreszeit m\u00f6chte ich euch gerne zu unserer Herbstschulung f\u00fcr Schulpersonalr\u00e4te einladen.<\/p>\n\n\n\n<p>Die Schulungen sind vom RLSB-OS genehmigt, bitte beantragt bei eurer Schulleitung entsprechend Sonderurlaub nach \u00a7 40 NPersVG<\/p>\n\n\n\n<p class=\"has-vivid-red-color has-text-color\"><strong>Zeit\/Ort: Di. 07. November 2023, 09:30 Uhr bis ca.16:00 Uhr<\/strong> &#8211; WARTELISTE!<\/p>\n\n\n\n<p><strong>&nbsp; &nbsp; &nbsp; &nbsp; Bayrischer Hof, Bahnhofstr. 14, 49324 Melle<\/strong> <\/p>\n\n\n\n<p><strong><\/strong><strong>oder<\/strong><\/p>\n\n\n\n<p class=\"has-vivid-red-color has-text-color\"><strong>Di. 14. November 2023, 9:00 Uhr bis ca. 16:00 Uhr<\/strong> &#8211; WARTELISTE!<\/p>\n\n\n\n<p><strong>&nbsp; &nbsp; &nbsp; &nbsp; &nbsp; &nbsp; &nbsp; &nbsp; &nbsp; &nbsp; &nbsp; Kath. LandvolkHochschule, Gartbrink 5, 49124 Gmh\u00fctte<\/strong><\/p>\n\n\n\n<p><strong>Kosten: F\u00fcr GEW-Mitglieder fallen keine Kosten an. Nichtmitglieder zahlen einen Kostenbeitrag von 20,-\u20ac.<\/strong><\/p>\n\n\n\n<p><strong>Tagesordnungspunkte:<\/strong><\/p>\n\n\n\n<ol class=\"wp-block-list\">\n<li>Begr\u00fc\u00dfung \u2013 Fragen aus den Schulen<\/li>\n\n\n\n<li>Neue Erlasse und Verordnungen<\/li>\n\n\n\n<li>Vereinbarkeit Beruf und Familie<\/li>\n\n\n\n<li>Dienstvereinbarungen<\/li>\n\n\n\n<li>Aufsichtspflicht<\/li>\n\n\n\n<li>Personalratswahl 2024<\/li>\n\n\n\n<li>P\u00e4dagogische Fachkr\u00e4fte<\/li>\n\n\n\n<li>Tarifverhandlungen<\/li>\n\n\n\n<li>Verschiedenes<\/li>\n<\/ol>\n\n\n\n<p>Anmeldung bis sp\u00e4testens eine Woche vor dem Termin per Mail bei:<\/p>\n\n\n\n<p><a href=\"mailto:elisabeth.uphoff@gewweserems.de\"><strong>elisabeth.uphoff@gewweserems.de<\/strong><\/a><\/p>\n\n\n\n<p>Die Teilnehmerzahl ist begrenzt!<\/p>\n\n\n\n<p>Viele Gr\u00fc\u00dfe<\/p>\n\n\n\n<p>Birgit Ostendorf<\/p>\n\n\n\n<p>P.S.: Zus\u00e4tzlich entstehende Kinderbetreuungskosten werden auf Antrag f\u00fcr GEW-Mitglieder \u00fcbernommen.<\/p>\n","protected":false},"excerpt":{"rendered":"<div class=\"mh-excerpt\"><p>Einladung zur Herbstschulung f\u00fcr Schulpersonalr\u00e4te am 07.11.2023 und am 14.11.2023 Liebe Kolleginnen und Kollegen!&nbsp; Wie immer zu dieser Jahreszeit m\u00f6chte ich euch gerne zu unserer Herbstschulung f\u00fcr Schulpersonalr\u00e4te einladen. Die Schulungen sind vom RLSB-OS genehmigt, <a class=\"mh-excerpt-more\" href=\"https:\/\/os-land.gewweserems.de\/?p=436\" title=\"Herbstschulungen f\u00fcr Personalr\u00e4te\">[&#8230;]<\/a><\/p>\n<\/div>","protected":false},"author":4,"featured_media":258,"comment_status":"open","ping_status":"open","sticky":false,"template":"","format":"standard","meta":{"footnotes":""},"categories":[3,4],"tags":[],"class_list":["post-436","post","type-post","status-publish","format-standard","has-post-thumbnail","hentry","category-aktuelles","category-veranstaltungen"],"_links":{"self":[{"href":"https:\/\/os-land.gewweserems.de\/index.php?rest_route=\/wp\/v2\/posts\/436","targetHints":{"allow":["GET"]}}],"collection":[{"href":"https:\/\/os-land.gewweserems.de\/index.php?rest_route=\/wp\/v2\/posts"}],"about":[{"href":"https:\/\/os-land.gewweserems.de\/index.php?rest_route=\/wp\/v2\/types\/post"}],"author":[{"embeddable":true,"href":"https:\/\/os-land.gewweserems.de\/index.php?rest_route=\/wp\/v2\/users\/4"}],"replies":[{"embeddable":true,"href":"https:\/\/os-land.gewweserems.de\/index.php?rest_route=%2Fwp%2Fv2%2Fcomments&post=436"}],"version-history":[{"count":3,"href":"https:\/\/os-land.gewweserems.de\/index.php?rest_route=\/wp\/v2\/posts\/436\/revisions"}],"predecessor-version":[{"id":441,"href":"https:\/\/os-land.gewweserems.de\/index.php?rest_route=\/wp\/v2\/posts\/436\/revisions\/441"}],"wp:featuredmedia":[{"embeddable":true,"href":"https:\/\/os-land.gewweserems.de\/index.php?rest_route=\/wp\/v2\/media\/258"}],"wp:attachment":[{"href":"https:\/\/os-land.gewweserems.de\/index.php?rest_route=%2Fwp%2Fv2%2Fmedia&parent=436"}],"wp:term":[{"taxonomy":"category","embeddable":true,"href":"https:\/\/os-land.gewweserems.de\/index.php?rest_route=%2Fwp%2Fv2%2Fcategories&post=436"},{"taxonomy":"post_tag","embeddable":true,"href":"https:\/\/os-land.gewweserems.de\/index.php?rest_route=%2Fwp%2Fv2%2Ftags&post=436"}],"curies":[{"name":"wp","href":"https:\/\/api.w.org\/{rel}","templated":true}]}}