{"id":438,"date":"2023-10-09T14:12:14","date_gmt":"2023-10-09T14:12:14","guid":{"rendered":"https:\/\/os-land.gewweserems.de\/?p=438"},"modified":"2023-10-09T14:12:16","modified_gmt":"2023-10-09T14:12:16","slug":"aktivitaeten-gegen-rechts","status":"publish","type":"post","link":"https:\/\/os-land.gewweserems.de\/?p=438","title":{"rendered":"Aktivit\u00e4ten &#8222;gegen Rechts&#8220;!"},"content":{"rendered":"\n<p>Liebe Kolleg*innen,<\/p>\n\n\n\n<p>die sich im Osnabr\u00fccker Land neu konstituierende AfD dr\u00e4ngt in die \u00d6ffentlichkeit. Verschiedenste Akteure sind bestrebt, dagegen zu protestieren. Beispielsweise zuletzt spontan 14-t\u00e4gig samstags am Haarmannsbrunnen OS (von 10 &#8211; 14 Uhr). Der n\u00e4chste Termin w\u00e4re am 14.10., woran verschiedenste Gruppen erinnern. Schauen wir mal, was tats\u00e4chlich stattfindet.<\/p>\n\n\n\n<p>Zum Hintergrund:<\/p>\n\n\n\n<p>Was schon der \u201efrische\u201c Ratsvertreter der AfD repr\u00e4sentiert, setzte sich bei den Auftritten fort. Sie rekrutieren sich inzwischen aus dem stramm rechtsgerichteten, evangelikalen Spektrum. Vereint mit Nationalisten usw. eine brisante Mischung. Inhaltlich wie bisher eher sparsam suchen die vor allem, sich als Opfer zu inszenieren. Medial aktuell vielfach aufgenommen, obwohl als \u201eFake\u201c entlarvt, vermarkten die sich wirksam. Verschw\u00f6rung, Diffamierung und Angst-\u201eStrategien\u201c, mit denen schon die Nazis arbeiteten, sind ihr Werkzeug. Der diesbez\u00fcgliche Vergleich des ehemaligen OB und Innenministers ist daher v\u00f6llig berechtigt.<\/p>\n\n\n\n<p>Wer also Zeit findet, sich am anstehenden Protest zu beteiligen &#8211; gute Idee. Es ist wichtig (und notwendig), unsere gewerkschaftliche Haltung gegen Recht zu betonen. Im Vorfeld des anstehenden Europawahlkampfes wird es sicherlich zu weiteren Gelegenheiten kommen, klare Kante zu zeigen. Jetzt ist es so weit, damit anzufangen.<\/p>\n\n\n\n<p>Gr\u00fc\u00dfe,<\/p>\n\n\n\n<p>Olaf Cramm<\/p>\n\n\n\n<p>Gewerkschaftssekret\u00e4r<\/p>\n\n\n\n<p>DGB Region Osnabr\u00fcck-Emsland-Grafschaft Bentheim<\/p>\n\n\n\n<p>August-Bebel-Platz 1<\/p>\n\n\n\n<p>49074 Osnabr\u00fcck<\/p>\n\n\n\n<p>Tel.: +49 541 33806 1513<\/p>\n\n\n\n<p>Mail: <a href=\"mailto:olaf.cramm@dgb.de\">olaf.cramm@dgb.de<\/a><\/p>\n\n\n\n<p><a href=\"http:\/\/www.region-osnabrueck-emsland.dgb.de\/\">www.region-osnabrueck-emsland.dgb.de<\/a><\/p>\n","protected":false},"excerpt":{"rendered":"<div class=\"mh-excerpt\"><p>Liebe Kolleg*innen, die sich im Osnabr\u00fccker Land neu konstituierende AfD dr\u00e4ngt in die \u00d6ffentlichkeit. Verschiedenste Akteure sind bestrebt, dagegen zu protestieren. Beispielsweise zuletzt spontan 14-t\u00e4gig samstags am Haarmannsbrunnen OS (von 10 &#8211; 14 Uhr). Der <a class=\"mh-excerpt-more\" href=\"https:\/\/os-land.gewweserems.de\/?p=438\" title=\"Aktivit\u00e4ten &#8222;gegen Rechts&#8220;!\">[&#8230;]<\/a><\/p>\n<\/div>","protected":false},"author":4,"featured_media":435,"comment_status":"open","ping_status":"open","sticky":false,"template":"","format":"standard","meta":{"footnotes":""},"categories":[3,4],"tags":[],"class_list":["post-438","post","type-post","status-publish","format-standard","has-post-thumbnail","hentry","category-aktuelles","category-veranstaltungen"],"_links":{"self":[{"href":"https:\/\/os-land.gewweserems.de\/index.php?rest_route=\/wp\/v2\/posts\/438","targetHints":{"allow":["GET"]}}],"collection":[{"href":"https:\/\/os-land.gewweserems.de\/index.php?rest_route=\/wp\/v2\/posts"}],"about":[{"href":"https:\/\/os-land.gewweserems.de\/index.php?rest_route=\/wp\/v2\/types\/post"}],"author":[{"embeddable":true,"href":"https:\/\/os-land.gewweserems.de\/index.php?rest_route=\/wp\/v2\/users\/4"}],"replies":[{"embeddable":true,"href":"https:\/\/os-land.gewweserems.de\/index.php?rest_route=%2Fwp%2Fv2%2Fcomments&post=438"}],"version-history":[{"count":1,"href":"https:\/\/os-land.gewweserems.de\/index.php?rest_route=\/wp\/v2\/posts\/438\/revisions"}],"predecessor-version":[{"id":439,"href":"https:\/\/os-land.gewweserems.de\/index.php?rest_route=\/wp\/v2\/posts\/438\/revisions\/439"}],"wp:featuredmedia":[{"embeddable":true,"href":"https:\/\/os-land.gewweserems.de\/index.php?rest_route=\/wp\/v2\/media\/435"}],"wp:attachment":[{"href":"https:\/\/os-land.gewweserems.de\/index.php?rest_route=%2Fwp%2Fv2%2Fmedia&parent=438"}],"wp:term":[{"taxonomy":"category","embeddable":true,"href":"https:\/\/os-land.gewweserems.de\/index.php?rest_route=%2Fwp%2Fv2%2Fcategories&post=438"},{"taxonomy":"post_tag","embeddable":true,"href":"https:\/\/os-land.gewweserems.de\/index.php?rest_route=%2Fwp%2Fv2%2Ftags&post=438"}],"curies":[{"name":"wp","href":"https:\/\/api.w.org\/{rel}","templated":true}]}}