{"id":457,"date":"2024-01-25T14:05:08","date_gmt":"2024-01-25T14:05:08","guid":{"rendered":"https:\/\/os-land.gewweserems.de\/?p=457"},"modified":"2024-01-25T14:05:10","modified_gmt":"2024-01-25T14:05:10","slug":"kundgebung-des-dgb-am-27-januar","status":"publish","type":"post","link":"https:\/\/os-land.gewweserems.de\/?p=457","title":{"rendered":"Kundgebung des DGB am 27. Januar"},"content":{"rendered":"\n<p>Liebe Mitglieder im KV Osnabr\u00fcck-Land,<br>am Samstag, 27.01.2024, findet in Osnabr\u00fcck eine Kundgebung f\u00fcr mehr Demokratie und gegen Faschismus statt. Die GEW unterst\u00fctzt als Mitgliedsgewerkschaft im DGB diese Kundgebung und auch die am Nachmittag stattfindende Demonstration. Der Aufruf des DGB ist angeh\u00e4ngt, weitere Informationen findet ihr unter:\u00a0<a href=\"https:\/\/osnabrueck-emsland.dgb.de\/\">https:\/\/osnabrueck-emsland.dgb.de\/<\/a><br>Los geht es am Samstag um 10:30 Uhr im Schlossgarten, u.a. mit einem Redebeitrag der DGB Vorsitzenden Yasmin Fahimi. Nachmittags ist dann ab 16:00 Uhr noch ein Demonstrationszug geplant, Treffpunkt 16:00 Uhr vor dem Theater.<br>Mit gewerkschaftlichen Gr\u00fc\u00dfen<br>Birgit Ostendorf<br>Kreisvorsitzende der GEW<br>Kreisverband Osnabr\u00fcck-Land<\/p>\n","protected":false},"excerpt":{"rendered":"<div class=\"mh-excerpt\"><p>Liebe Mitglieder im KV Osnabr\u00fcck-Land,am Samstag, 27.01.2024, findet in Osnabr\u00fcck eine Kundgebung f\u00fcr mehr Demokratie und gegen Faschismus statt. Die GEW unterst\u00fctzt als Mitgliedsgewerkschaft im DGB diese Kundgebung und auch die am Nachmittag stattfindende Demonstration. <a class=\"mh-excerpt-more\" href=\"https:\/\/os-land.gewweserems.de\/?p=457\" title=\"Kundgebung des DGB am 27. Januar\">[&#8230;]<\/a><\/p>\n<\/div>","protected":false},"author":4,"featured_media":458,"comment_status":"open","ping_status":"open","sticky":false,"template":"","format":"standard","meta":{"footnotes":""},"categories":[3,4],"tags":[],"class_list":["post-457","post","type-post","status-publish","format-standard","has-post-thumbnail","hentry","category-aktuelles","category-veranstaltungen"],"_links":{"self":[{"href":"https:\/\/os-land.gewweserems.de\/index.php?rest_route=\/wp\/v2\/posts\/457","targetHints":{"allow":["GET"]}}],"collection":[{"href":"https:\/\/os-land.gewweserems.de\/index.php?rest_route=\/wp\/v2\/posts"}],"about":[{"href":"https:\/\/os-land.gewweserems.de\/index.php?rest_route=\/wp\/v2\/types\/post"}],"author":[{"embeddable":true,"href":"https:\/\/os-land.gewweserems.de\/index.php?rest_route=\/wp\/v2\/users\/4"}],"replies":[{"embeddable":true,"href":"https:\/\/os-land.gewweserems.de\/index.php?rest_route=%2Fwp%2Fv2%2Fcomments&post=457"}],"version-history":[{"count":1,"href":"https:\/\/os-land.gewweserems.de\/index.php?rest_route=\/wp\/v2\/posts\/457\/revisions"}],"predecessor-version":[{"id":459,"href":"https:\/\/os-land.gewweserems.de\/index.php?rest_route=\/wp\/v2\/posts\/457\/revisions\/459"}],"wp:featuredmedia":[{"embeddable":true,"href":"https:\/\/os-land.gewweserems.de\/index.php?rest_route=\/wp\/v2\/media\/458"}],"wp:attachment":[{"href":"https:\/\/os-land.gewweserems.de\/index.php?rest_route=%2Fwp%2Fv2%2Fmedia&parent=457"}],"wp:term":[{"taxonomy":"category","embeddable":true,"href":"https:\/\/os-land.gewweserems.de\/index.php?rest_route=%2Fwp%2Fv2%2Fcategories&post=457"},{"taxonomy":"post_tag","embeddable":true,"href":"https:\/\/os-land.gewweserems.de\/index.php?rest_route=%2Fwp%2Fv2%2Ftags&post=457"}],"curies":[{"name":"wp","href":"https:\/\/api.w.org\/{rel}","templated":true}]}}