{"id":505,"date":"2024-10-24T10:34:00","date_gmt":"2024-10-24T10:34:00","guid":{"rendered":"https:\/\/os-land.gewweserems.de\/?p=505"},"modified":"2024-10-24T10:35:31","modified_gmt":"2024-10-24T10:35:31","slug":"jahreshauptversammlung-am-06-november-2024","status":"publish","type":"post","link":"https:\/\/os-land.gewweserems.de\/?p=505","title":{"rendered":"Jahreshauptversammlung am 06. November 2024"},"content":{"rendered":"\n<p>Liebe Kolleginnen und Kollegen,<\/p>\n\n\n\n<p>wir m\u00f6chten Euch ganz herzlich zur Jahreshauptversammlung mit anschlie\u00dfendem Gr\u00fcnkohlessen&nbsp;<\/p>\n\n\n\n<p><strong>am Mittwoch, 06. November 2024<\/strong><\/p>\n\n\n\n<p><strong>um 17:00 Uhr,<\/strong><\/p>\n\n\n\n<p><strong>im Gasthaus zum Freden, Zum Freden 41, 49186 Bad Iburg<\/strong><\/p>\n\n\n\n<p>einladen.&nbsp;<\/p>\n\n\n\n<p>Inhaltlich haben wir uns f\u00fcr ein Thema entschieden, das angesichts der Landtagswahlen in Th\u00fcringen, Sachsen und Brandenburg und der im n\u00e4chsten Jahr anstehenden Bundestagswahl mehr als aktuell ist.<\/p>\n\n\n\n<p><strong>Tagesordnung&nbsp;<\/strong><\/p>\n\n\n\n<ol class=\"wp-block-list\">\n<li>Begr\u00fc\u00dfung<\/li>\n\n\n\n<li>\u201eWie politisch darf, wie politisch muss Schule sein?\u201c Vortrag von Wencke Hlynsd\u00f3ttir, Bezirksvorsitzende der GEW, Bezirksverband Weser-Ems<\/li>\n\n\n\n<li>Verabschiedung der neuen Satzung f\u00fcr den KV OS-Land<\/li>\n\n\n\n<li>a) Bericht der Vorsitzenden<\/li>\n<\/ol>\n\n\n\n<p>b) Kassenbericht der Schatzmeisterin<\/p>\n\n\n\n<p>c) Entlastung des Vorstandes&nbsp;<\/p>\n\n\n\n<p>d) Wahl von zwei Kassenpr\u00fcfer*innen<\/p>\n\n\n\n<ol start=\"5\" class=\"wp-block-list\">\n<li>Haushaltsentwurf der Schatzmeister*in&nbsp;<\/li>\n\n\n\n<li>Ehrung der Jubilare<\/li>\n\n\n\n<li>Verschiedenes<\/li>\n<\/ol>\n\n\n\n<p><strong>Anschlie\u00dfend gem\u00fctlicher Ausklang beim Gr\u00fcnkohlessen!<\/strong><\/p>\n\n\n\n<p>Anmeldung und weitere Infos <a href=\"https:\/\/os-land.gewweserems.de\/wp-content\/uploads\/2024\/10\/Einladung-JHV-2024.pdf\">hier<\/a><\/p>\n","protected":false},"excerpt":{"rendered":"<div class=\"mh-excerpt\"><p>Liebe Kolleginnen und Kollegen, wir m\u00f6chten Euch ganz herzlich zur Jahreshauptversammlung mit anschlie\u00dfendem Gr\u00fcnkohlessen&nbsp; am Mittwoch, 06. November 2024 um 17:00 Uhr, im Gasthaus zum Freden, Zum Freden 41, 49186 Bad Iburg einladen.&nbsp; Inhaltlich haben <a class=\"mh-excerpt-more\" href=\"https:\/\/os-land.gewweserems.de\/?p=505\" title=\"Jahreshauptversammlung am 06. November 2024\">[&#8230;]<\/a><\/p>\n<\/div>","protected":false},"author":4,"featured_media":410,"comment_status":"open","ping_status":"open","sticky":false,"template":"","format":"standard","meta":{"footnotes":""},"categories":[3,1,4],"tags":[],"class_list":["post-505","post","type-post","status-publish","format-standard","has-post-thumbnail","hentry","category-aktuelles","category-uncategorized","category-veranstaltungen"],"_links":{"self":[{"href":"https:\/\/os-land.gewweserems.de\/index.php?rest_route=\/wp\/v2\/posts\/505","targetHints":{"allow":["GET"]}}],"collection":[{"href":"https:\/\/os-land.gewweserems.de\/index.php?rest_route=\/wp\/v2\/posts"}],"about":[{"href":"https:\/\/os-land.gewweserems.de\/index.php?rest_route=\/wp\/v2\/types\/post"}],"author":[{"embeddable":true,"href":"https:\/\/os-land.gewweserems.de\/index.php?rest_route=\/wp\/v2\/users\/4"}],"replies":[{"embeddable":true,"href":"https:\/\/os-land.gewweserems.de\/index.php?rest_route=%2Fwp%2Fv2%2Fcomments&post=505"}],"version-history":[{"count":2,"href":"https:\/\/os-land.gewweserems.de\/index.php?rest_route=\/wp\/v2\/posts\/505\/revisions"}],"predecessor-version":[{"id":509,"href":"https:\/\/os-land.gewweserems.de\/index.php?rest_route=\/wp\/v2\/posts\/505\/revisions\/509"}],"wp:featuredmedia":[{"embeddable":true,"href":"https:\/\/os-land.gewweserems.de\/index.php?rest_route=\/wp\/v2\/media\/410"}],"wp:attachment":[{"href":"https:\/\/os-land.gewweserems.de\/index.php?rest_route=%2Fwp%2Fv2%2Fmedia&parent=505"}],"wp:term":[{"taxonomy":"category","embeddable":true,"href":"https:\/\/os-land.gewweserems.de\/index.php?rest_route=%2Fwp%2Fv2%2Fcategories&post=505"},{"taxonomy":"post_tag","embeddable":true,"href":"https:\/\/os-land.gewweserems.de\/index.php?rest_route=%2Fwp%2Fv2%2Ftags&post=505"}],"curies":[{"name":"wp","href":"https:\/\/api.w.org\/{rel}","templated":true}]}}