{"id":634,"date":"2026-08-31T14:41:12","date_gmt":"2026-08-31T14:41:12","guid":{"rendered":"https:\/\/os-land.gewweserems.de\/?p=634"},"modified":"2026-08-31T14:49:58","modified_gmt":"2026-08-31T14:49:58","slug":"kongress-der-dgb-seniorinnen-demokratie-braucht-einen-starken-sozialstaat-und-starke-gewerkschaften","status":"publish","type":"post","link":"https:\/\/os-land.gewweserems.de\/?p=634","title":{"rendered":"Kongress der DGB-Senior*innen &#8211; &#8222;Demokratie braucht einen starken Sozialstaat und starke Gewerkschaften&#8220;"},"content":{"rendered":"\n<p class=\"wp-block-paragraph\">Wir m\u00f6chten auf die folgende Konferenz der DGB-Senior*innen hinweisen zum Thema:<\/p>\n\n\n\n<p class=\"wp-block-paragraph\">&#8222;Demokratie braucht einen starken Sozialstaat<\/p>\n\n\n\n<p class=\"wp-block-paragraph\">und starke Gewerkschaften&#8220;<\/p>\n\n\n\n<p class=\"wp-block-paragraph\">Termin: Am Donnerstag, den 01. Oktober 2026, um 16 Uhr<\/p>\n\n\n\n<p class=\"wp-block-paragraph\">Ort: im Gemeinschaftszentrum Lerchenstra\u00dfe 135 -137, 49088 Osnabr\u00fcck<\/p>\n\n\n\n<p class=\"wp-block-paragraph\">Vortrag: <strong>Lars Niggemeyer<\/strong> DGB Bezirk Niedersachsen-Bremen-Sachsen Anhalt anschlie\u00dfender mit moderierter Diskussion.<\/p>\n\n\n\n<p class=\"wp-block-paragraph\">K\u00fcrzungen bei Gesundheitsversorgung, Pflege, Rente, Eingliederungs- und Jugendhilfe sowie Arbeitnehmerrechten sind angek\u00fcndigt.<\/p>\n\n\n\n<p class=\"wp-block-paragraph\">F\u00fcr uns ist klar: Der Sozialstaat ist kein Kostenfaktor, sondern Grundlage der Demokratieund des sozialen Zusammenhalts.<\/p>\n\n\n\n<p class=\"wp-block-paragraph\">K\u00fcrzungen schw\u00e4chen die Wirtschaft, versch\u00e4rfen soziale Spaltung und st\u00e4rken antidemokratische Kr\u00e4fte.<\/p>\n\n\n\n<p class=\"wp-block-paragraph\">Wir brauchen deshalb einen zukunftssicheren Sozialstaat mit weniger B\u00fcrokratie und mehr Gerechtigkeit. Auf der Veranstaltung werden konkrete solidarische Alternativen vorgestellt und diskutiert. F\u00fcr einen kleinen Imbiss und Getr\u00e4nke ist gesorgt.<\/p>\n\n\n\n<p class=\"wp-block-paragraph\">Wir freuen uns \u00fcber Eure Teilnahme und erbitten eine Anmeldung (siehe unten).<\/p>\n\n\n\n<p class=\"wp-block-paragraph\">Wir laden ausdr\u00fccklich alle Generationen ein, sich zu beteiligen.<\/p>\n\n\n\n<p class=\"wp-block-paragraph\">Anmeldung bis zum 21.09.26 bitte an osnabrueck@dgb.de oder 0541-338060.<\/p>\n\n\n\n<p class=\"wp-block-paragraph\"><\/p>\n","protected":false},"excerpt":{"rendered":"<div class=\"mh-excerpt\"><p>Wir m\u00f6chten auf die folgende Konferenz der DGB-Senior*innen hinweisen zum Thema: &#8222;Demokratie braucht einen starken Sozialstaat und starke Gewerkschaften&#8220; Termin: Am Donnerstag, den 01. Oktober 2026, um 16 Uhr Ort: im Gemeinschaftszentrum Lerchenstra\u00dfe 135 -137, <a class=\"mh-excerpt-more\" href=\"https:\/\/os-land.gewweserems.de\/?p=634\" title=\"Kongress der DGB-Senior*innen &#8211; &#8222;Demokratie braucht einen starken Sozialstaat und starke Gewerkschaften&#8220;\">[&#8230;]<\/a><\/p>\n<\/div>","protected":false},"author":4,"featured_media":247,"comment_status":"open","ping_status":"open","sticky":false,"template":"","format":"standard","meta":{"footnotes":""},"categories":[3,4],"tags":[],"class_list":["post-634","post","type-post","status-publish","format-standard","has-post-thumbnail","hentry","category-aktuelles","category-veranstaltungen"],"_links":{"self":[{"href":"https:\/\/os-land.gewweserems.de\/index.php?rest_route=\/wp\/v2\/posts\/634","targetHints":{"allow":["GET"]}}],"collection":[{"href":"https:\/\/os-land.gewweserems.de\/index.php?rest_route=\/wp\/v2\/posts"}],"about":[{"href":"https:\/\/os-land.gewweserems.de\/index.php?rest_route=\/wp\/v2\/types\/post"}],"author":[{"embeddable":true,"href":"https:\/\/os-land.gewweserems.de\/index.php?rest_route=\/wp\/v2\/users\/4"}],"replies":[{"embeddable":true,"href":"https:\/\/os-land.gewweserems.de\/index.php?rest_route=%2Fwp%2Fv2%2Fcomments&post=634"}],"version-history":[{"count":1,"href":"https:\/\/os-land.gewweserems.de\/index.php?rest_route=\/wp\/v2\/posts\/634\/revisions"}],"predecessor-version":[{"id":635,"href":"https:\/\/os-land.gewweserems.de\/index.php?rest_route=\/wp\/v2\/posts\/634\/revisions\/635"}],"wp:featuredmedia":[{"embeddable":true,"href":"https:\/\/os-land.gewweserems.de\/index.php?rest_route=\/wp\/v2\/media\/247"}],"wp:attachment":[{"href":"https:\/\/os-land.gewweserems.de\/index.php?rest_route=%2Fwp%2Fv2%2Fmedia&parent=634"}],"wp:term":[{"taxonomy":"category","embeddable":true,"href":"https:\/\/os-land.gewweserems.de\/index.php?rest_route=%2Fwp%2Fv2%2Fcategories&post=634"},{"taxonomy":"post_tag","embeddable":true,"href":"https:\/\/os-land.gewweserems.de\/index.php?rest_route=%2Fwp%2Fv2%2Ftags&post=634"}],"curies":[{"name":"wp","href":"https:\/\/api.w.org\/{rel}","templated":true}]}}