{"id":70,"date":"2016-11-03T14:29:25","date_gmt":"2016-11-03T14:29:25","guid":{"rendered":"http:\/\/os-land.gewweserems.de\/?p=70"},"modified":"2021-03-11T10:37:50","modified_gmt":"2021-03-11T10:37:50","slug":"jahreshauptversammlung-am-28-11-2016","status":"publish","type":"post","link":"https:\/\/os-land.gewweserems.de\/?p=70","title":{"rendered":"Jahreshauptversammlung am 28.11.2016"},"content":{"rendered":"<p>Der Kreisverband Osnabr\u00fcck-Land l\u00e4dt alle Mitglieder herzlich zur diesj\u00e4hrigen Jahreshauptversammlung mit anschlie\u00dfendem Gr\u00fcnkohlessen ein.<\/p>\n<p>Am Montag, 28.11.2016,<\/p>\n<p>um 17:00 Uhr,<\/p>\n<p>im Gatshaus Stumpe in Bissendorf.<\/p>\n<p>In einem Tagesordnungspunkt geht es um die Verabschiedung der neuen Satzung. Dieser Tagesordnungspunkt ist aufgrund der Fusion der KV Osnabr\u00fcck-Land und Melle im letzten jahr notwendig. Der Entwurf kann hier <a href=\"https:\/\/os-land.gewweserems.de\/wp-content\/uploads\/2016\/11\/SATZUNG-2016.pdf\">SATZUNG 2016<\/a> eingesehen werden.<\/p>\n<p>&nbsp;<\/p>\n<p>&nbsp;<\/p>\n","protected":false},"excerpt":{"rendered":"<div class=\"mh-excerpt\"><p>Der Kreisverband Osnabr\u00fcck-Land l\u00e4dt alle Mitglieder herzlich zur diesj\u00e4hrigen Jahreshauptversammlung mit anschlie\u00dfendem Gr\u00fcnkohlessen ein. Am Montag, 28.11.2016, um 17:00 Uhr, im Gatshaus Stumpe in Bissendorf. In einem Tagesordnungspunkt geht es um die Verabschiedung der neuen <a class=\"mh-excerpt-more\" href=\"https:\/\/os-land.gewweserems.de\/?p=70\" title=\"Jahreshauptversammlung am 28.11.2016\">[&#8230;]<\/a><\/p>\n<\/div>","protected":false},"author":2,"featured_media":0,"comment_status":"open","ping_status":"open","sticky":false,"template":"","format":"standard","meta":{"footnotes":""},"categories":[3],"tags":[],"class_list":["post-70","post","type-post","status-publish","format-standard","hentry","category-aktuelles"],"_links":{"self":[{"href":"https:\/\/os-land.gewweserems.de\/index.php?rest_route=\/wp\/v2\/posts\/70","targetHints":{"allow":["GET"]}}],"collection":[{"href":"https:\/\/os-land.gewweserems.de\/index.php?rest_route=\/wp\/v2\/posts"}],"about":[{"href":"https:\/\/os-land.gewweserems.de\/index.php?rest_route=\/wp\/v2\/types\/post"}],"author":[{"embeddable":true,"href":"https:\/\/os-land.gewweserems.de\/index.php?rest_route=\/wp\/v2\/users\/2"}],"replies":[{"embeddable":true,"href":"https:\/\/os-land.gewweserems.de\/index.php?rest_route=%2Fwp%2Fv2%2Fcomments&post=70"}],"version-history":[{"count":1,"href":"https:\/\/os-land.gewweserems.de\/index.php?rest_route=\/wp\/v2\/posts\/70\/revisions"}],"predecessor-version":[{"id":72,"href":"https:\/\/os-land.gewweserems.de\/index.php?rest_route=\/wp\/v2\/posts\/70\/revisions\/72"}],"wp:attachment":[{"href":"https:\/\/os-land.gewweserems.de\/index.php?rest_route=%2Fwp%2Fv2%2Fmedia&parent=70"}],"wp:term":[{"taxonomy":"category","embeddable":true,"href":"https:\/\/os-land.gewweserems.de\/index.php?rest_route=%2Fwp%2Fv2%2Fcategories&post=70"},{"taxonomy":"post_tag","embeddable":true,"href":"https:\/\/os-land.gewweserems.de\/index.php?rest_route=%2Fwp%2Fv2%2Ftags&post=70"}],"curies":[{"name":"wp","href":"https:\/\/api.w.org\/{rel}","templated":true}]}}